{"id":99978,"date":"2021-06-10T19:02:01","date_gmt":"2021-06-11T00:02:01","guid":{"rendered":"https:\/\/elinformanteperu.com\/?p=99978"},"modified":"2021-06-10T19:02:01","modified_gmt":"2021-06-11T00:02:01","slug":"juan-reynoso-gareca-gano-el-derecho-de-estar-en-la-seleccion-hasta-cuando-quiera","status":"publish","type":"post","link":"https:\/\/elinformanteperu.com\/index.php\/2021\/06\/10\/juan-reynoso-gareca-gano-el-derecho-de-estar-en-la-seleccion-hasta-cuando-quiera\/","title":{"rendered":"Juan Reynoso: \u00abGareca gan\u00f3 el derecho de estar en la selecci\u00f3n hasta cuando quiera\u00bb"},"content":{"rendered":"<p><strong><span style=\"color: #000000;\">El entrenador del Cruz Azul asegur\u00f3 que su meta es consolidarse en M\u00e9xico y dar el gran salto a Europa<\/span><\/strong><\/p>\n<p><span style=\"color: #000000;\"><strong>M\u00e9xico, 10 Junio 2021, (ANDINA).-<\/strong> El t\u00e9cnico Juan Reynoso, quien se consagr\u00f3 campe\u00f3n con el Cruz Azul en M\u00e9xico, habl\u00f3 claro y dijo que ahora no piensa en dirigir la selecci\u00f3n porque primero quiere consolidarse en el f\u00fatbol \u00abazteca\u00bb y dirigir en Europa, adem\u00e1s el DT Ricardo Gareca se ha ganado el derecho de ser seleccionador de la Bicolor hasta cuando quiera.<\/span><\/p>\n<p><span style=\"color: #000000;\">Reynoso vive felices momentos en M\u00e9xico, donde se coron\u00f3 campe\u00f3n del Torneo Clausura de M\u00e9xico, y desde all\u00ed manifest\u00f3 su posici\u00f3n respecto a su futuro como posible entrenador de la selecci\u00f3n peruana, pedido que hizo un sector de la prensa especializada cuando la escuadra nacional cay\u00f3 3-0 ante Colombia.<\/span><\/p>\n<p><span style=\"color: #000000;\">\u00abHoy, Ricardo Gareca se ha ganado el derecho a quedarse en la selecci\u00f3n peruana hasta cuando quiera. No es algo en lo que piense porque quiero consolidarme en M\u00e9xico y ahora tambi\u00e9n tengo como objetivo llegar a Europa\u00bb, manifest\u00f3 el estratega nacional a GolPer\u00fa.<\/span><\/p>\n<p><span style=\"color: #000000;\">El entrenador cont\u00f3 que asumi\u00f3 el reto de entrenar al Cruz Azul sabiendo que no era la primera opci\u00f3n que manejaban los directivos para el club. A pesar de eso, \u00e9l asumi\u00f3 el reto porque buscaba esa oportunidad para demostrarles que pod\u00eda llevar al conjunto \u00abcementero\u00bb a la gloria.<\/span><\/p>\n<p><span style=\"color: #000000;\">\u00abNo \u00e9ramos favoritos a ganar la Liga MX. Mis cercanos me dec\u00edan que pod\u00edamos meternos a la liguilla y luego pensar a futuro\u00bb, sostuvo<\/span><\/p>\n<p><span style=\"color: #000000;\">Juan Reynoso indic\u00f3 que siempre est\u00e1 en contacto con Ricardo Gareca. \u00abTengo una buena relaci\u00f3n con Ricardo. Nos hemos visto muchas veces y tambi\u00e9n nos enviamos mensajes en las previas de partidos importantes. Es una gran persona\u00bb, declar\u00f3.<\/span><\/p>\n<p><img fetchpriority=\"high\" decoding=\"async\" class=\"aligncenter size-full wp-image-98387\" src=\"https:\/\/elinformanteperu.com\/wp-content\/uploads\/2021\/05\/juan-reynoso7.jpg\" alt=\"\" width=\"1800\" height=\"1201\" srcset=\"https:\/\/elinformanteperu.com\/wp-content\/uploads\/2021\/05\/juan-reynoso7.jpg 1800w, https:\/\/elinformanteperu.com\/wp-content\/uploads\/2021\/05\/juan-reynoso7-300x200.jpg 300w, https:\/\/elinformanteperu.com\/wp-content\/uploads\/2021\/05\/juan-reynoso7-1024x683.jpg 1024w, https:\/\/elinformanteperu.com\/wp-content\/uploads\/2021\/05\/juan-reynoso7-768x512.jpg 768w, https:\/\/elinformanteperu.com\/wp-content\/uploads\/2021\/05\/juan-reynoso7-1536x1025.jpg 1536w\" sizes=\"(max-width: 1800px) 100vw, 1800px\" \/><\/p>\n","protected":false},"excerpt":{"rendered":"<p>El entrenador del Cruz Azul asegur\u00f3 que su meta es consolidarse en M\u00e9xico y dar el gran salto a Europa M\u00e9xico, 10 Junio 2021, (ANDINA).- El t\u00e9cnico Juan Reynoso, quien se consagr\u00f3 campe\u00f3n con el Cruz Azul en M\u00e9xico, habl\u00f3 claro y dijo que ahora no piensa en dirigir la selecci\u00f3n porque primero quiere consolidarse [&hellip;]<\/p>\n","protected":false},"author":1,"featured_media":99979,"comment_status":"closed","ping_status":"closed","sticky":false,"template":"","format":"standard","meta":{"rop_custom_images_group":[],"rop_custom_messages_group":[],"rop_publish_now":"initial","rop_publish_now_accounts":[],"rop_publish_now_history":[],"rop_publish_now_status":"pending","footnotes":""},"categories":[8],"tags":[839,92],"class_list":["post-99978","post","type-post","status-publish","format-standard","has-post-thumbnail","hentry","category-disciplinas-deportivas","tag-juan-reynoso","tag-ricardo-gareca"],"_links":{"self":[{"href":"https:\/\/elinformanteperu.com\/index.php\/wp-json\/wp\/v2\/posts\/99978","targetHints":{"allow":["GET"]}}],"collection":[{"href":"https:\/\/elinformanteperu.com\/index.php\/wp-json\/wp\/v2\/posts"}],"about":[{"href":"https:\/\/elinformanteperu.com\/index.php\/wp-json\/wp\/v2\/types\/post"}],"author":[{"embeddable":true,"href":"https:\/\/elinformanteperu.com\/index.php\/wp-json\/wp\/v2\/users\/1"}],"replies":[{"embeddable":true,"href":"https:\/\/elinformanteperu.com\/index.php\/wp-json\/wp\/v2\/comments?post=99978"}],"version-history":[{"count":1,"href":"https:\/\/elinformanteperu.com\/index.php\/wp-json\/wp\/v2\/posts\/99978\/revisions"}],"predecessor-version":[{"id":99980,"href":"https:\/\/elinformanteperu.com\/index.php\/wp-json\/wp\/v2\/posts\/99978\/revisions\/99980"}],"wp:featuredmedia":[{"embeddable":true,"href":"https:\/\/elinformanteperu.com\/index.php\/wp-json\/wp\/v2\/media\/99979"}],"wp:attachment":[{"href":"https:\/\/elinformanteperu.com\/index.php\/wp-json\/wp\/v2\/media?parent=99978"}],"wp:term":[{"taxonomy":"category","embeddable":true,"href":"https:\/\/elinformanteperu.com\/index.php\/wp-json\/wp\/v2\/categories?post=99978"},{"taxonomy":"post_tag","embeddable":true,"href":"https:\/\/elinformanteperu.com\/index.php\/wp-json\/wp\/v2\/tags?post=99978"}],"curies":[{"name":"wp","href":"https:\/\/api.w.org\/{rel}","templated":true}]}}