{"id":99943,"date":"2021-06-09T23:41:23","date_gmt":"2021-06-10T04:41:23","guid":{"rendered":"https:\/\/elinformanteperu.com\/?p=99943"},"modified":"2021-06-09T23:41:23","modified_gmt":"2021-06-10T04:41:23","slug":"fp-respetara-decision-de-organos-electorales-sobre-actas-impugnadas","status":"publish","type":"post","link":"https:\/\/elinformanteperu.com\/index.php\/2021\/06\/09\/fp-respetara-decision-de-organos-electorales-sobre-actas-impugnadas\/","title":{"rendered":"FP respetar\u00e1 decisi\u00f3n de \u00f3rganos electorales sobre actas impugnadas"},"content":{"rendered":"<p><strong><span style=\"color: #000000;\">Galarreta dice que cuestionamiento es al comportamiento de personeros de PL<\/span><\/strong><\/p>\n<p><span style=\"color: #000000;\"><strong>Lima, 09 Junio 2021, (ANDINA).-<\/strong> El candidato a la primera vicepresidencia de la Rep\u00fablica por Fuerza Popular, Luis Galarreta, dijo que su grupo pol\u00edtico respetar\u00e1 lo que los organismos electorales decidan respecto a los cuestionamientos sobre supuestas irregularidades en actas y votos durante la segunda vuelta presidencial.<\/span><\/p>\n<p><span style=\"color: #000000;\">\u201cTodo esto tiene que canalizarse por el conducto institucional, por los organismos electorales, que tienen que resolver los cuestionamientos que hay al respecto\u201d, se\u00f1al\u00f3, en declaraciones a RPP.<\/span><\/p>\n<p><span style=\"color: #000000;\">En ese sentido, recalc\u00f3 que \u201clos cuestionamientos no son a los \u00f3rganos electorales, sino al comportamiento de los personeros de Per\u00fa Libre\u201d.<\/span><\/p>\n<p><span style=\"color: #000000;\">Seg\u00fan Galarreta, esta conducta se ha manifestado a trav\u00e9s de una masiva observaci\u00f3n a actas en las que habr\u00eda m\u00e1s votos a favor de Fuerza Popular. Tambi\u00e9n afirm\u00f3 que en provincias hay actas \u201ccon resultados probabil\u00edsticos imposibles\u201d y otras en las que aparecen firmas que son las que deber\u00edan estar all\u00ed.<\/span><\/p>\n<p><span style=\"color: #000000;\">Por ello, sus personeros plantear\u00e1n la nulidad de estos documentos; algunos de los cuales \u2013dijo\u2013 \u201chan sido groseramente manipulados\u201d. \u201cLlevamos a estos organismos nuestras preocupaciones y evidencias para que ellos tomen una decisi\u00f3n\u201d, manifest\u00f3.<\/span><\/p>\n<p><span style=\"color: #000000;\">Galarreta tambi\u00e9n afirm\u00f3 que el apoyo que les est\u00e1n dando diversos estudios de abogados en este tema no es remunerado y forma parte del respaldo que varios sectores de la sociedad expresaron a la candidatura de Keiko Fujimori durante la segunda vuelta.<\/span><\/p>\n<p><img fetchpriority=\"high\" decoding=\"async\" class=\"aligncenter size-full wp-image-64317\" src=\"https:\/\/elinformanteperu.com\/wp-content\/uploads\/2020\/02\/fuerza-popular-allanamiento.jpg\" alt=\"\" width=\"1800\" height=\"1200\" srcset=\"https:\/\/elinformanteperu.com\/wp-content\/uploads\/2020\/02\/fuerza-popular-allanamiento.jpg 1800w, https:\/\/elinformanteperu.com\/wp-content\/uploads\/2020\/02\/fuerza-popular-allanamiento-300x200.jpg 300w, https:\/\/elinformanteperu.com\/wp-content\/uploads\/2020\/02\/fuerza-popular-allanamiento-1024x683.jpg 1024w, https:\/\/elinformanteperu.com\/wp-content\/uploads\/2020\/02\/fuerza-popular-allanamiento-768x512.jpg 768w, https:\/\/elinformanteperu.com\/wp-content\/uploads\/2020\/02\/fuerza-popular-allanamiento-1536x1024.jpg 1536w, https:\/\/elinformanteperu.com\/wp-content\/uploads\/2020\/02\/fuerza-popular-allanamiento-128x85.jpg 128w, https:\/\/elinformanteperu.com\/wp-content\/uploads\/2020\/02\/fuerza-popular-allanamiento-32x21.jpg 32w\" sizes=\"(max-width: 1800px) 100vw, 1800px\" \/><\/p>\n","protected":false},"excerpt":{"rendered":"<p>Galarreta dice que cuestionamiento es al comportamiento de personeros de PL Lima, 09 Junio 2021, (ANDINA).- El candidato a la primera vicepresidencia de la Rep\u00fablica por Fuerza Popular, Luis Galarreta, dijo que su grupo pol\u00edtico respetar\u00e1 lo que los organismos electorales decidan respecto a los cuestionamientos sobre supuestas irregularidades en actas y votos durante la [&hellip;]<\/p>\n","protected":false},"author":1,"featured_media":96100,"comment_status":"closed","ping_status":"closed","sticky":false,"template":"","format":"standard","meta":{"rop_custom_images_group":[],"rop_custom_messages_group":[],"rop_publish_now":"initial","rop_publish_now_accounts":[],"rop_publish_now_history":[],"rop_publish_now_status":"pending","footnotes":""},"categories":[5],"tags":[6466,295,382],"class_list":["post-99943","post","type-post","status-publish","format-standard","has-post-thumbnail","hentry","category-actualidad-informativa","tag-elecciones-segunda-vuelta-2021","tag-fuerza-popular","tag-luis-galarreta"],"_links":{"self":[{"href":"https:\/\/elinformanteperu.com\/index.php\/wp-json\/wp\/v2\/posts\/99943","targetHints":{"allow":["GET"]}}],"collection":[{"href":"https:\/\/elinformanteperu.com\/index.php\/wp-json\/wp\/v2\/posts"}],"about":[{"href":"https:\/\/elinformanteperu.com\/index.php\/wp-json\/wp\/v2\/types\/post"}],"author":[{"embeddable":true,"href":"https:\/\/elinformanteperu.com\/index.php\/wp-json\/wp\/v2\/users\/1"}],"replies":[{"embeddable":true,"href":"https:\/\/elinformanteperu.com\/index.php\/wp-json\/wp\/v2\/comments?post=99943"}],"version-history":[{"count":1,"href":"https:\/\/elinformanteperu.com\/index.php\/wp-json\/wp\/v2\/posts\/99943\/revisions"}],"predecessor-version":[{"id":99944,"href":"https:\/\/elinformanteperu.com\/index.php\/wp-json\/wp\/v2\/posts\/99943\/revisions\/99944"}],"wp:featuredmedia":[{"embeddable":true,"href":"https:\/\/elinformanteperu.com\/index.php\/wp-json\/wp\/v2\/media\/96100"}],"wp:attachment":[{"href":"https:\/\/elinformanteperu.com\/index.php\/wp-json\/wp\/v2\/media?parent=99943"}],"wp:term":[{"taxonomy":"category","embeddable":true,"href":"https:\/\/elinformanteperu.com\/index.php\/wp-json\/wp\/v2\/categories?post=99943"},{"taxonomy":"post_tag","embeddable":true,"href":"https:\/\/elinformanteperu.com\/index.php\/wp-json\/wp\/v2\/tags?post=99943"}],"curies":[{"name":"wp","href":"https:\/\/api.w.org\/{rel}","templated":true}]}}