{"id":99891,"date":"2021-06-09T20:07:15","date_gmt":"2021-06-10T01:07:15","guid":{"rendered":"https:\/\/elinformanteperu.com\/?p=99891"},"modified":"2021-06-09T20:07:15","modified_gmt":"2021-06-10T01:07:15","slug":"paolo-guerrero-este-triunfo-el-pueblo-lo-merecia-pido-que-sigan-creyendo","status":"publish","type":"post","link":"https:\/\/elinformanteperu.com\/index.php\/2021\/06\/09\/paolo-guerrero-este-triunfo-el-pueblo-lo-merecia-pido-que-sigan-creyendo\/","title":{"rendered":"Paolo Guerrero: \u00abEste triunfo el pueblo lo merec\u00eda, pido que sigan creyendo\u00bb"},"content":{"rendered":"<p><strong><span style=\"color: #000000;\">El delantero hist\u00f3rico de la selecci\u00f3n peruana alab\u00f3 el trabajo de Gianluca Lapadula<\/span><\/strong><\/p>\n<p><span style=\"color: #000000;\"><strong>Lima, 09 Junio 2021, (ANDINA).-<\/strong> El delantero nacional, Paolo Guerrero, asegur\u00f3 que el triunfo (2-0) de Per\u00fa ante Ecuador fue un resultado que \u00abel pueblo peruano lo necesitaba\u00bb y pidi\u00f3 a la afici\u00f3n de que sigan creyendo en la escuadra Blanquirroja. Tambi\u00e9n se mostr\u00f3 feliz por la actuaci\u00f3n del italo-peruano Gianluca Lapadula, quien fue la figura del partido en Quito.<\/span><\/p>\n<p><span style=\"color: #000000;\">Paolo Guerrero, se mostr\u00f3 bastante contento por la actuaci\u00f3n del atacante Gianluca Lapadula y sobre todo por los primeros tres puntos que sum\u00f3 la &#8216;blanquirroja&#8217; en las Clasificatorias.<\/span><\/p>\n<p><span style=\"color: #000000;\">\u00abMuy bien, creo que &#8216;Lapa&#8217; hizo un gran trabajo y estoy muy feliz por \u00e9l\u00bb, se\u00f1al\u00f3 el delantero nacional de 37 a\u00f1os a su arribo al Per\u00fa.<\/span><\/p>\n<p><span style=\"color: #000000;\">Agreg\u00f3: \u00abMe siento feliz por la victoria, el pueblo peruano lo merec\u00eda (&#8230;) Le pido al hincha que siga creyendo en nosotros\u00bb, manifest\u00f3 el m\u00e1ximo goleador de la selecci\u00f3n peruana.<\/span><\/p>\n<p><span style=\"color: #000000;\">El delantero tuvo una m\u00ednima participaci\u00f3n en el cotejo ante los \u00abnorte\u00f1o\u00bb, ya que el t\u00e9cnico Ricardo Gareca lo reserv\u00f3 en la banca y lo hizo ingresar cuando el cotejo se jugaba en su minuto 90, en reemplazo de Lapadula.<\/span><\/p>\n<p><span style=\"color: #000000;\">Cabe recordar que Paolo Guerrero disput\u00f3 todo el partido ante Colombia (0-3), mientras que ante Ecuador ingres\u00f3 a los 90&#8242; en reemplazo de Gianluca Lapadula.<\/span><\/p>\n<p><img fetchpriority=\"high\" decoding=\"async\" class=\"aligncenter size-full wp-image-99801\" src=\"https:\/\/elinformanteperu.com\/wp-content\/uploads\/2021\/06\/lapadula-ecuador-peru2.jpg\" alt=\"\" width=\"1800\" height=\"1137\" srcset=\"https:\/\/elinformanteperu.com\/wp-content\/uploads\/2021\/06\/lapadula-ecuador-peru2.jpg 1800w, https:\/\/elinformanteperu.com\/wp-content\/uploads\/2021\/06\/lapadula-ecuador-peru2-300x190.jpg 300w, https:\/\/elinformanteperu.com\/wp-content\/uploads\/2021\/06\/lapadula-ecuador-peru2-1024x647.jpg 1024w, https:\/\/elinformanteperu.com\/wp-content\/uploads\/2021\/06\/lapadula-ecuador-peru2-768x485.jpg 768w, https:\/\/elinformanteperu.com\/wp-content\/uploads\/2021\/06\/lapadula-ecuador-peru2-1536x970.jpg 1536w\" sizes=\"(max-width: 1800px) 100vw, 1800px\" \/><\/p>\n","protected":false},"excerpt":{"rendered":"<p>El delantero hist\u00f3rico de la selecci\u00f3n peruana alab\u00f3 el trabajo de Gianluca Lapadula Lima, 09 Junio 2021, (ANDINA).- El delantero nacional, Paolo Guerrero, asegur\u00f3 que el triunfo (2-0) de Per\u00fa ante Ecuador fue un resultado que \u00abel pueblo peruano lo necesitaba\u00bb y pidi\u00f3 a la afici\u00f3n de que sigan creyendo en la escuadra Blanquirroja. Tambi\u00e9n [&hellip;]<\/p>\n","protected":false},"author":1,"featured_media":99892,"comment_status":"closed","ping_status":"closed","sticky":false,"template":"","format":"standard","meta":{"rop_custom_images_group":[],"rop_custom_messages_group":[],"rop_publish_now":"initial","rop_publish_now_accounts":[],"rop_publish_now_history":[],"rop_publish_now_status":"pending","footnotes":""},"categories":[8],"tags":[4106,203],"class_list":["post-99891","post","type-post","status-publish","format-standard","has-post-thumbnail","hentry","category-disciplinas-deportivas","tag-eliminatorias-catar-2022","tag-paolo-guerrero"],"_links":{"self":[{"href":"https:\/\/elinformanteperu.com\/index.php\/wp-json\/wp\/v2\/posts\/99891","targetHints":{"allow":["GET"]}}],"collection":[{"href":"https:\/\/elinformanteperu.com\/index.php\/wp-json\/wp\/v2\/posts"}],"about":[{"href":"https:\/\/elinformanteperu.com\/index.php\/wp-json\/wp\/v2\/types\/post"}],"author":[{"embeddable":true,"href":"https:\/\/elinformanteperu.com\/index.php\/wp-json\/wp\/v2\/users\/1"}],"replies":[{"embeddable":true,"href":"https:\/\/elinformanteperu.com\/index.php\/wp-json\/wp\/v2\/comments?post=99891"}],"version-history":[{"count":1,"href":"https:\/\/elinformanteperu.com\/index.php\/wp-json\/wp\/v2\/posts\/99891\/revisions"}],"predecessor-version":[{"id":99893,"href":"https:\/\/elinformanteperu.com\/index.php\/wp-json\/wp\/v2\/posts\/99891\/revisions\/99893"}],"wp:featuredmedia":[{"embeddable":true,"href":"https:\/\/elinformanteperu.com\/index.php\/wp-json\/wp\/v2\/media\/99892"}],"wp:attachment":[{"href":"https:\/\/elinformanteperu.com\/index.php\/wp-json\/wp\/v2\/media?parent=99891"}],"wp:term":[{"taxonomy":"category","embeddable":true,"href":"https:\/\/elinformanteperu.com\/index.php\/wp-json\/wp\/v2\/categories?post=99891"},{"taxonomy":"post_tag","embeddable":true,"href":"https:\/\/elinformanteperu.com\/index.php\/wp-json\/wp\/v2\/tags?post=99891"}],"curies":[{"name":"wp","href":"https:\/\/api.w.org\/{rel}","templated":true}]}}