{"id":9974,"date":"2017-05-13T00:54:31","date_gmt":"2017-05-13T05:54:31","guid":{"rendered":"http:\/\/elinformanteperu.com\/?p=9974"},"modified":"2017-05-13T00:54:31","modified_gmt":"2017-05-13T05:54:31","slug":"fuerza-popular-no-usara-el-poder-politico-para-liberar-a-alberto-fujimori","status":"publish","type":"post","link":"https:\/\/elinformanteperu.com\/index.php\/2017\/05\/13\/fuerza-popular-no-usara-el-poder-politico-para-liberar-a-alberto-fujimori\/","title":{"rendered":"Fuerza Popular no usar\u00e1 el poder pol\u00edtico para liberar a Alberto Fujimori"},"content":{"rendered":"<p><strong><span style=\"color: #000000;\">Fuerza Popular no usar\u00e1 el poder pol\u00edtico para conseguir la liberaci\u00f3n del expresidente, Alberto Fujimori, sostuvo el vocero de esa bancada parlamentaria, Luis Galarreta.<\/span><\/strong><\/p>\n<p><span style=\"color: #000000;\"><strong>Lima, 12 Mayo 2017, (ANDINA).-<\/strong> Fuerza Popular no usar\u00e1 el poder pol\u00edtico para conseguir la liberaci\u00f3n del expresidente de la Rep\u00fablica, Alberto Fujimori, por ello se ha optado por el camino legal del habeas corpus, sostuvo hoy el congresista y vocero de esa bancada parlamentaria, Luis Galarreta.<\/span><\/p>\n<p><span style=\"color: #000000;\">Resalt\u00f3 que la lideresa de Fuerza Popular, Keiko Fujimori, haya dejado de lado el poder de una mayor\u00eda parlamentaria, y anunciara la presentaci\u00f3n del llamado \u201chabeas corpus de la libertad\u201d para excarcelar a su padre, quien cumple una condena de 25 a\u00f1os de prisi\u00f3n.<\/span><\/p>\n<p><span style=\"color: #000000;\">\u201cSu condici\u00f3n de hija deja de lado un poder pol\u00edtico, con mayor\u00eda parlamentaria, para recurrir a la v\u00eda legal, porque uno no usa el poder pol\u00edtico para fines particulares por m\u00e1s que uno lo quisiera. Todos los que somos de Fuerza Popular queremos la libertad del presidente Fujimori\u201d, remarc\u00f3.<\/span><\/p>\n<p><span style=\"color: #000000;\">Galarreta, en tal sentido, consider\u00f3 que, por m\u00e1s que los fujimoristas anhelen la libertad de su l\u00edder hist\u00f3rico \u201cpor un tema de justicia\u201d, son conscientes de que no se puede violentar la institucionalidad en el pa\u00eds, ni usar las instituciones con fines particulares.<\/span><\/p>\n<p><span style=\"color: #000000;\">En di\u00e1logo con Canal N, el legislador fujimorista subray\u00f3 que en su agrupaci\u00f3n, en cuanto al tema de Alberto Fujimori, se tiene clara la necesidad de separar la \u201cagenda familiar\u201d de la agenda pol\u00edtica y parlamentaria.<\/span><\/p>\n<p><span style=\"color: #000000;\">Keiko Fujimori anunci\u00f3 esta ma\u00f1ana que presentar\u00e1 un recurso judicial denominado \u201chabeas corpus de la libertad\u201d, para lograr la excarcelaci\u00f3n de su padre Alberto Fujimori.<\/span><\/p>\n","protected":false},"excerpt":{"rendered":"<p>Fuerza Popular no usar\u00e1 el poder pol\u00edtico para conseguir la liberaci\u00f3n del expresidente, Alberto Fujimori, sostuvo el vocero de esa bancada parlamentaria, Luis Galarreta. Lima, 12 Mayo 2017, (ANDINA).- Fuerza Popular no usar\u00e1 el poder pol\u00edtico para conseguir la liberaci\u00f3n del expresidente de la Rep\u00fablica, Alberto Fujimori, por ello se ha optado por el camino [&hellip;]<\/p>\n","protected":false},"author":1,"featured_media":9975,"comment_status":"open","ping_status":"open","sticky":false,"template":"","format":"standard","meta":{"rop_custom_images_group":[],"rop_custom_messages_group":[],"rop_publish_now":"initial","rop_publish_now_accounts":[],"rop_publish_now_history":[],"rop_publish_now_status":"pending","footnotes":""},"categories":[5],"tags":[343,295,382],"class_list":["post-9974","post","type-post","status-publish","format-standard","has-post-thumbnail","hentry","category-actualidad-informativa","tag-alberto-fujimori","tag-fuerza-popular","tag-luis-galarreta"],"_links":{"self":[{"href":"https:\/\/elinformanteperu.com\/index.php\/wp-json\/wp\/v2\/posts\/9974","targetHints":{"allow":["GET"]}}],"collection":[{"href":"https:\/\/elinformanteperu.com\/index.php\/wp-json\/wp\/v2\/posts"}],"about":[{"href":"https:\/\/elinformanteperu.com\/index.php\/wp-json\/wp\/v2\/types\/post"}],"author":[{"embeddable":true,"href":"https:\/\/elinformanteperu.com\/index.php\/wp-json\/wp\/v2\/users\/1"}],"replies":[{"embeddable":true,"href":"https:\/\/elinformanteperu.com\/index.php\/wp-json\/wp\/v2\/comments?post=9974"}],"version-history":[{"count":1,"href":"https:\/\/elinformanteperu.com\/index.php\/wp-json\/wp\/v2\/posts\/9974\/revisions"}],"predecessor-version":[{"id":9976,"href":"https:\/\/elinformanteperu.com\/index.php\/wp-json\/wp\/v2\/posts\/9974\/revisions\/9976"}],"wp:featuredmedia":[{"embeddable":true,"href":"https:\/\/elinformanteperu.com\/index.php\/wp-json\/wp\/v2\/media\/9975"}],"wp:attachment":[{"href":"https:\/\/elinformanteperu.com\/index.php\/wp-json\/wp\/v2\/media?parent=9974"}],"wp:term":[{"taxonomy":"category","embeddable":true,"href":"https:\/\/elinformanteperu.com\/index.php\/wp-json\/wp\/v2\/categories?post=9974"},{"taxonomy":"post_tag","embeddable":true,"href":"https:\/\/elinformanteperu.com\/index.php\/wp-json\/wp\/v2\/tags?post=9974"}],"curies":[{"name":"wp","href":"https:\/\/api.w.org\/{rel}","templated":true}]}}