{"id":9968,"date":"2017-05-13T00:45:37","date_gmt":"2017-05-13T05:45:37","guid":{"rendered":"http:\/\/elinformanteperu.com\/?p=9968"},"modified":"2017-05-13T00:45:37","modified_gmt":"2017-05-13T05:45:37","slug":"no-hay-argumentos-legales-para-admitir-habeas-corpus-de-fujimori-opina-garcia-toma","status":"publish","type":"post","link":"https:\/\/elinformanteperu.com\/index.php\/2017\/05\/13\/no-hay-argumentos-legales-para-admitir-habeas-corpus-de-fujimori-opina-garcia-toma\/","title":{"rendered":"No hay argumentos legales para admitir \u201chabeas corpus\u201d de Fujimori, opina Garc\u00eda Toma"},"content":{"rendered":"<p><strong><span style=\"color: #000000;\">No existen argumentos legales para que el Poder Judicial admita a tr\u00e1mite el \u201chabeas corpus\u201d que presentar\u00e1 la familia del expresidente Alberto Fujimori, opin\u00f3 el constitucionalista V\u00edctor Garc\u00eda Toma.<\/span><\/strong><\/p>\n<p><span style=\"color: #000000;\"><strong>Lima, 12 Mayo 2017, (ANDINA).-<\/strong> No existen argumentos legales para que el Poder Judicial admita a tr\u00e1mite el \u201chabeas corpus\u201d que presentar\u00e1 la familia del expresidente Alberto Fujimori, dado que se trata de un caso zanjado en el Tribunal Constitucional (TC), opin\u00f3 el constitucionalista V\u00edctor Garc\u00eda Toma.<\/span><\/p>\n<p><span style=\"color: #000000;\">En di\u00e1logo con la Agencia Andina record\u00f3 que la sentencia y juicio contra Fujimori fueron objeto de revisi\u00f3n por el Tribunal Constitucional en m\u00e9rito a un anterior \u201chabeas corpus\u201d, que calific\u00f3 el juicio contra el expresidente de ajustado a derecho.<\/span><\/p>\n<p><span style=\"color: #000000;\">\u201cLa sentencia contra Fujimori fue objeto de un anterior &#8216;habeas corpus&#8217; y el Tribunal Constitucional zanj\u00f3 el tema se\u00f1alando que el proceso judicial cont\u00f3 con todas las garant\u00edas que establece el art\u00edculo 139 de la Constituci\u00f3n; en consecuencia, judicialmente no cabe forma alguna de atacar esa sentencia\u201d, expres\u00f3.<\/span><\/p>\n<p><span style=\"color: #000000;\">A\u00f1adi\u00f3, en ese sentido, que la presentaci\u00f3n de un nuevo recurso con los mismos fines (buscar la libertad de Fujimori) resultar\u00eda \u201cinviable\u201d.<\/span><\/p>\n<p><span style=\"color: #000000;\">\u201cNo es el camino, ya se ha intentado y, repito, el Tribunal Constitucional cerr\u00f3 el tema; por lo tanto, no cabe la posibilidad de que el Poder Judicial pueda admitir a tr\u00e1mite o declarar fundado el &#8216;habeas corpus&#8217;\u201d, afirm\u00f3.<\/span><\/p>\n<p><span style=\"color: #000000;\">En su opini\u00f3n, dicha medida, anunciada por la lideresa de Fuerza Popular, Keiko Fujimori, busca distraer la atenci\u00f3n sobre un tema \u201cque debe ser resuelto en t\u00e9rminos pol\u00edticos\u201d.<\/span><\/p>\n<p><span style=\"color: #000000;\">Garc\u00eda Toma recomend\u00f3 a la familia de Fujimori presentar formalmente la solicitud de un indulto humanitario, por considerarlo el camino m\u00e1s adecuado para lograr una posible liberaci\u00f3n.<\/span><\/p>\n","protected":false},"excerpt":{"rendered":"<p>No existen argumentos legales para que el Poder Judicial admita a tr\u00e1mite el \u201chabeas corpus\u201d que presentar\u00e1 la familia del expresidente Alberto Fujimori, opin\u00f3 el constitucionalista V\u00edctor Garc\u00eda Toma. Lima, 12 Mayo 2017, (ANDINA).- No existen argumentos legales para que el Poder Judicial admita a tr\u00e1mite el \u201chabeas corpus\u201d que presentar\u00e1 la familia del expresidente [&hellip;]<\/p>\n","protected":false},"author":1,"featured_media":9969,"comment_status":"open","ping_status":"open","sticky":false,"template":"","format":"standard","meta":{"rop_custom_images_group":[],"rop_custom_messages_group":[],"rop_publish_now":"initial","rop_publish_now_accounts":[],"rop_publish_now_history":[],"rop_publish_now_status":"pending","footnotes":""},"categories":[5],"tags":[343,557,163,1568],"class_list":["post-9968","post","type-post","status-publish","format-standard","has-post-thumbnail","hentry","category-actualidad-informativa","tag-alberto-fujimori","tag-keiko-fujimori","tag-poder-judicial","tag-victor-garcia-toma"],"_links":{"self":[{"href":"https:\/\/elinformanteperu.com\/index.php\/wp-json\/wp\/v2\/posts\/9968","targetHints":{"allow":["GET"]}}],"collection":[{"href":"https:\/\/elinformanteperu.com\/index.php\/wp-json\/wp\/v2\/posts"}],"about":[{"href":"https:\/\/elinformanteperu.com\/index.php\/wp-json\/wp\/v2\/types\/post"}],"author":[{"embeddable":true,"href":"https:\/\/elinformanteperu.com\/index.php\/wp-json\/wp\/v2\/users\/1"}],"replies":[{"embeddable":true,"href":"https:\/\/elinformanteperu.com\/index.php\/wp-json\/wp\/v2\/comments?post=9968"}],"version-history":[{"count":1,"href":"https:\/\/elinformanteperu.com\/index.php\/wp-json\/wp\/v2\/posts\/9968\/revisions"}],"predecessor-version":[{"id":9970,"href":"https:\/\/elinformanteperu.com\/index.php\/wp-json\/wp\/v2\/posts\/9968\/revisions\/9970"}],"wp:featuredmedia":[{"embeddable":true,"href":"https:\/\/elinformanteperu.com\/index.php\/wp-json\/wp\/v2\/media\/9969"}],"wp:attachment":[{"href":"https:\/\/elinformanteperu.com\/index.php\/wp-json\/wp\/v2\/media?parent=9968"}],"wp:term":[{"taxonomy":"category","embeddable":true,"href":"https:\/\/elinformanteperu.com\/index.php\/wp-json\/wp\/v2\/categories?post=9968"},{"taxonomy":"post_tag","embeddable":true,"href":"https:\/\/elinformanteperu.com\/index.php\/wp-json\/wp\/v2\/tags?post=9968"}],"curies":[{"name":"wp","href":"https:\/\/api.w.org\/{rel}","templated":true}]}}