{"id":9966,"date":"2017-05-13T00:32:02","date_gmt":"2017-05-13T05:32:02","guid":{"rendered":"http:\/\/elinformanteperu.com\/?p=9966"},"modified":"2017-05-13T00:32:02","modified_gmt":"2017-05-13T05:32:02","slug":"en-medio-ano-se-resolveria-habeas-corpus-de-fujimori-estima-poder-judicial","status":"publish","type":"post","link":"https:\/\/elinformanteperu.com\/index.php\/2017\/05\/13\/en-medio-ano-se-resolveria-habeas-corpus-de-fujimori-estima-poder-judicial\/","title":{"rendered":"En medio a\u00f1o se resolver\u00eda \u00abhabeas corpus\u00bb de Fujimori, estima Poder Judicial"},"content":{"rendered":"<p><strong><span style=\"color: #000000;\">El titular del Poder Judicial, Duberl\u00ed Rodr\u00edguez, estim\u00f3 que el \u00abhabeas corpus\u00bb que presentar\u00e1 la familia de Alberto Fujimori para lograr su excarcelaci\u00f3n tomar\u00eda unos seis meses.<\/span><\/strong><\/p>\n<p><span style=\"color: #000000;\"><strong>Lima, 12 Mayo 2017, (ANDINA).-<\/strong> El titular del Poder Judicial, Duberl\u00ed Rodr\u00edguez, estim\u00f3 que el \u00abhabeas corpus\u00bb que presentar\u00e1 la familia del expresidente Alberto Fujimori para lograr su excarcelaci\u00f3n tomar\u00eda unos seis meses, y se\u00f1al\u00f3 que ninguna norma proh\u00edbe este tipo de recursos.<\/span><\/p>\n<p><span style=\"color: #000000;\">En conferencia de prensa sostuvo que no existe un plazo formalmente establecido para abordar los \u00abhabeas corpus\u00bb; sin embargo, debido a su naturaleza toda acci\u00f3n de garant\u00eda constitucional tiene que ser r\u00e1pida.<\/span><\/p>\n<p><span style=\"color: #000000;\">Explic\u00f3 que si el recurso cumple todas las formalidades ser\u00e1 admitido por un magistrado de instrucci\u00f3n de Lima, que se convertir\u00e1 en juez constitucional y emitir\u00e1 sentencia despu\u00e9s escuchar a las partes.<\/span><\/p>\n<p><span style=\"color: #000000;\">La sentencia, a\u00f1adi\u00f3, subir\u00eda a una sala de apelaciones constitucional y all\u00ed terminar\u00eda todo si la resoluci\u00f3n resultara favorable para la parte demandante.<\/span><\/p>\n<p><span style=\"color: #000000;\">\u201cPero si fuera desfavorable, si no se declarara fundada la acci\u00f3n de &#8216;habeas corpus&#8217;, habr\u00eda una apelaci\u00f3n, un recurso de agravio constitucional que se remite al Tribunal Constitucional, el cual resolver\u00e1 la acci\u00f3n en definitiva\u201d, a\u00f1adi\u00f3.<\/span><\/p>\n<p><span style=\"color: #000000;\">Rodr\u00edguez aclar\u00f3 que no le corresponde pronunciarse sobre la pertinencia o no del \u00abhabeas corpus\u00bb, pero record\u00f3 que todo ciudadano tiene el derecho de reclamar que se respeten sus derechos y uno de ellos es el de la libertad.<\/span><\/p>\n<p><span style=\"color: #000000;\">\u201cCuando uno est\u00e1 privado de su libertad, la v\u00eda para reclamar es con una acci\u00f3n de garant\u00eda constitucional, en este caso un &#8216;habeas corpus&#8217;. Se han hecho otros con anterioridad con resultado desfavorable para la parte demandante\u201d, record\u00f3.<\/span><\/p>\n<p><span style=\"color: #000000;\">Mencion\u00f3, asimismo, que no existe norma que proh\u00edba que se vuelva a presentar un \u00abhabeas corpus\u00bb como el anunciado esta ma\u00f1ana por Keiko Fujimori para su padre, el expresidente Alberto Fujimori, condenado a 25 a\u00f1os de prisi\u00f3n por el caso La Cantuta y Barrios Altos.<\/span><\/p>\n<p><span style=\"color: #000000;\">\u201cNo conocemos los fundamentos del nuevo &#8216;habeas corpus&#8217;, pero est\u00e1n en su derecho de interponer la acci\u00f3n que consideren\u201d, enfatiz\u00f3 Rodr\u00edguez.<\/span><\/p>\n","protected":false},"excerpt":{"rendered":"<p>El titular del Poder Judicial, Duberl\u00ed Rodr\u00edguez, estim\u00f3 que el \u00abhabeas corpus\u00bb que presentar\u00e1 la familia de Alberto Fujimori para lograr su excarcelaci\u00f3n tomar\u00eda unos seis meses. Lima, 12 Mayo 2017, (ANDINA).- El titular del Poder Judicial, Duberl\u00ed Rodr\u00edguez, estim\u00f3 que el \u00abhabeas corpus\u00bb que presentar\u00e1 la familia del expresidente Alberto Fujimori para lograr su [&hellip;]<\/p>\n","protected":false},"author":1,"featured_media":6100,"comment_status":"open","ping_status":"open","sticky":false,"template":"","format":"standard","meta":{"rop_custom_images_group":[],"rop_custom_messages_group":[],"rop_publish_now":"initial","rop_publish_now_accounts":[],"rop_publish_now_history":[],"rop_publish_now_status":"pending","footnotes":""},"categories":[5],"tags":[343,704,163],"class_list":["post-9966","post","type-post","status-publish","format-standard","has-post-thumbnail","hentry","category-actualidad-informativa","tag-alberto-fujimori","tag-duberli-rodriguez","tag-poder-judicial"],"_links":{"self":[{"href":"https:\/\/elinformanteperu.com\/index.php\/wp-json\/wp\/v2\/posts\/9966","targetHints":{"allow":["GET"]}}],"collection":[{"href":"https:\/\/elinformanteperu.com\/index.php\/wp-json\/wp\/v2\/posts"}],"about":[{"href":"https:\/\/elinformanteperu.com\/index.php\/wp-json\/wp\/v2\/types\/post"}],"author":[{"embeddable":true,"href":"https:\/\/elinformanteperu.com\/index.php\/wp-json\/wp\/v2\/users\/1"}],"replies":[{"embeddable":true,"href":"https:\/\/elinformanteperu.com\/index.php\/wp-json\/wp\/v2\/comments?post=9966"}],"version-history":[{"count":1,"href":"https:\/\/elinformanteperu.com\/index.php\/wp-json\/wp\/v2\/posts\/9966\/revisions"}],"predecessor-version":[{"id":9967,"href":"https:\/\/elinformanteperu.com\/index.php\/wp-json\/wp\/v2\/posts\/9966\/revisions\/9967"}],"wp:featuredmedia":[{"embeddable":true,"href":"https:\/\/elinformanteperu.com\/index.php\/wp-json\/wp\/v2\/media\/6100"}],"wp:attachment":[{"href":"https:\/\/elinformanteperu.com\/index.php\/wp-json\/wp\/v2\/media?parent=9966"}],"wp:term":[{"taxonomy":"category","embeddable":true,"href":"https:\/\/elinformanteperu.com\/index.php\/wp-json\/wp\/v2\/categories?post=9966"},{"taxonomy":"post_tag","embeddable":true,"href":"https:\/\/elinformanteperu.com\/index.php\/wp-json\/wp\/v2\/tags?post=9966"}],"curies":[{"name":"wp","href":"https:\/\/api.w.org\/{rel}","templated":true}]}}