{"id":99551,"date":"2021-06-06T10:47:29","date_gmt":"2021-06-06T15:47:29","guid":{"rendered":"https:\/\/elinformanteperu.com\/?p=99551"},"modified":"2021-06-06T10:47:29","modified_gmt":"2021-06-06T15:47:29","slug":"marchista-kimberly-garcia-se-pone-a-punto-para-los-juegos-tokio-2020","status":"publish","type":"post","link":"https:\/\/elinformanteperu.com\/index.php\/2021\/06\/06\/marchista-kimberly-garcia-se-pone-a-punto-para-los-juegos-tokio-2020\/","title":{"rendered":"Marchista Kimberly Garc\u00eda se pone a punto para los Juegos Tokio 2020"},"content":{"rendered":"<p><strong><span style=\"color: #000000;\">La peruana se ubic\u00f3 entre las cinco mejores del Gran Premio Internacional de Marcha Cantones en La Coru\u00f1a<\/span><\/strong><\/p>\n<p><span style=\"color: #000000;\"><strong>La Coru\u00f1a, 06 Junio 2021, (ANDINA).-<\/strong> La marchista nacional Kimberly Garc\u00eda termin\u00f3 en el s\u00e9ptimo puesto del Gran Premio Internacional de Marcha Cantones en La Coru\u00f1a (Espa\u00f1a), y de esta manera se pone en su mejor forma f\u00edsica con miras a los Juegos Ol\u00edmpicos Tokio 2020, en el que intentar\u00e1 en la justa ol\u00edmpica mejorar el puesto 14 que consigui\u00f3 en R\u00edo 2016.<\/span><\/p>\n<p><span style=\"color: #000000;\">Kimberly Garc\u00eda acumul\u00f3 un tiempo de 1:32.12 horas, que le valieron para ubicarse entre las mejores de este certamen al que acudieron las mejores marchistas del mundo.<\/span><\/p>\n<p><span style=\"color: #000000;\">La ganadora de la prueba fue la colombiana Sandra Arenas, quien se adue\u00f1\u00f3 de la medalla de oro en los Juegos Panamericanos Lima 2019, que registr\u00f3 1:28.23.<\/span><\/p>\n<p><span style=\"color: #000000;\">En el segundo puesto termin\u00f3 la mexicana Alegna Gonz\u00e1lez, con 1:28.39, y cerr\u00f3 el podio la brasile\u00f1a Erica Rocha De Sena con 1:28.43.<\/span><\/p>\n<p><span style=\"color: #000000;\">La peruana Evelyn Inga culmin\u00f3 la prueba en el puesto 13, con un tiempo de 1:33.42 horas, y no pudo acceder a los Juegos Ol\u00edmpicos con la marca m\u00ednima solicitada, que es de 1:31.00.<\/span><\/p>\n<p><span style=\"color: #000000;\">Mary Luz And\u00eda, la otra representante peruana y ya clasificada a Tokio 2020, no termin\u00f3 la prueba a causa de un problema estomacal.<\/span><\/p>\n<p><span style=\"color: #000000;\">En varones, C\u00e9sar Rodr\u00edguez y Luis Henry Campos tampoco pudieron lograr la marca m\u00ednima (1:21.00 horas) clasificatoria, a pesar de que mostraron buen nivel a lo largo de los 20 kil\u00f3metros de recorrido. Rodr\u00edguez finaliz\u00f3 en La Coru\u00f1a con un registro de 1:22.47, mientras que Campos lleg\u00f3 a la meta tras 1:24.32 horas.<\/span><\/p>\n<p><span style=\"color: #000000;\">Inga, Rodr\u00edguez y Campos, al igual que Leyde Guerra \u2013no pudo viajar a competir debido a molestias f\u00edsicas-, a\u00fan tienen la oportunidad de clasificar a Tokio 2020 mediante el ranking mundial de la World Athletics.<\/span><\/p>\n<p><span style=\"color: #000000;\">Los atletas peruanos participaron en esta prueba internacional gracias al apoyo de la Federaci\u00f3n Deportiva Peruana de Atletismo (FDPA) y del Instituto Peruano del Deporte a trav\u00e9s del Programa Vamos con Tokio.<\/span><\/p>\n<p><img fetchpriority=\"high\" decoding=\"async\" class=\"aligncenter size-full wp-image-7639\" src=\"https:\/\/elinformanteperu.com\/wp-content\/uploads\/2017\/04\/Kimberly-Garcia.jpg\" alt=\"\" width=\"1800\" height=\"1229\" srcset=\"https:\/\/elinformanteperu.com\/wp-content\/uploads\/2017\/04\/Kimberly-Garcia.jpg 1800w, https:\/\/elinformanteperu.com\/wp-content\/uploads\/2017\/04\/Kimberly-Garcia-300x205.jpg 300w, https:\/\/elinformanteperu.com\/wp-content\/uploads\/2017\/04\/Kimberly-Garcia-768x524.jpg 768w, https:\/\/elinformanteperu.com\/wp-content\/uploads\/2017\/04\/Kimberly-Garcia-1024x699.jpg 1024w, https:\/\/elinformanteperu.com\/wp-content\/uploads\/2017\/04\/Kimberly-Garcia-128x87.jpg 128w, https:\/\/elinformanteperu.com\/wp-content\/uploads\/2017\/04\/Kimberly-Garcia-32x22.jpg 32w\" sizes=\"(max-width: 1800px) 100vw, 1800px\" \/><\/p>\n","protected":false},"excerpt":{"rendered":"<p>La peruana se ubic\u00f3 entre las cinco mejores del Gran Premio Internacional de Marcha Cantones en La Coru\u00f1a La Coru\u00f1a, 06 Junio 2021, (ANDINA).- La marchista nacional Kimberly Garc\u00eda termin\u00f3 en el s\u00e9ptimo puesto del Gran Premio Internacional de Marcha Cantones en La Coru\u00f1a (Espa\u00f1a), y de esta manera se pone en su mejor forma [&hellip;]<\/p>\n","protected":false},"author":1,"featured_media":99552,"comment_status":"closed","ping_status":"closed","sticky":false,"template":"","format":"standard","meta":{"rop_custom_images_group":[],"rop_custom_messages_group":[],"rop_publish_now":"initial","rop_publish_now_accounts":[],"rop_publish_now_history":[],"rop_publish_now_status":"pending","footnotes":""},"categories":[8],"tags":[583],"class_list":["post-99551","post","type-post","status-publish","format-standard","has-post-thumbnail","hentry","category-disciplinas-deportivas","tag-kimberly-garcia"],"_links":{"self":[{"href":"https:\/\/elinformanteperu.com\/index.php\/wp-json\/wp\/v2\/posts\/99551","targetHints":{"allow":["GET"]}}],"collection":[{"href":"https:\/\/elinformanteperu.com\/index.php\/wp-json\/wp\/v2\/posts"}],"about":[{"href":"https:\/\/elinformanteperu.com\/index.php\/wp-json\/wp\/v2\/types\/post"}],"author":[{"embeddable":true,"href":"https:\/\/elinformanteperu.com\/index.php\/wp-json\/wp\/v2\/users\/1"}],"replies":[{"embeddable":true,"href":"https:\/\/elinformanteperu.com\/index.php\/wp-json\/wp\/v2\/comments?post=99551"}],"version-history":[{"count":1,"href":"https:\/\/elinformanteperu.com\/index.php\/wp-json\/wp\/v2\/posts\/99551\/revisions"}],"predecessor-version":[{"id":99553,"href":"https:\/\/elinformanteperu.com\/index.php\/wp-json\/wp\/v2\/posts\/99551\/revisions\/99553"}],"wp:featuredmedia":[{"embeddable":true,"href":"https:\/\/elinformanteperu.com\/index.php\/wp-json\/wp\/v2\/media\/99552"}],"wp:attachment":[{"href":"https:\/\/elinformanteperu.com\/index.php\/wp-json\/wp\/v2\/media?parent=99551"}],"wp:term":[{"taxonomy":"category","embeddable":true,"href":"https:\/\/elinformanteperu.com\/index.php\/wp-json\/wp\/v2\/categories?post=99551"},{"taxonomy":"post_tag","embeddable":true,"href":"https:\/\/elinformanteperu.com\/index.php\/wp-json\/wp\/v2\/tags?post=99551"}],"curies":[{"name":"wp","href":"https:\/\/api.w.org\/{rel}","templated":true}]}}