{"id":99392,"date":"2021-06-03T20:47:26","date_gmt":"2021-06-04T01:47:26","guid":{"rendered":"https:\/\/elinformanteperu.com\/?p=99392"},"modified":"2021-06-03T20:47:26","modified_gmt":"2021-06-04T01:47:26","slug":"covid-19-peru-registra-mas-de-4-millones-de-vacunados-a-nivel-nacional","status":"publish","type":"post","link":"https:\/\/elinformanteperu.com\/index.php\/2021\/06\/03\/covid-19-peru-registra-mas-de-4-millones-de-vacunados-a-nivel-nacional\/","title":{"rendered":"Covid-19: Per\u00fa registra m\u00e1s de 4 millones de vacunados a nivel nacional"},"content":{"rendered":"<p><strong><span style=\"color: #000000;\">Para alcanzar inmunidad de reba\u00f1o se requiere vacunar al 70% de la poblaci\u00f3n<\/span><\/strong><\/p>\n<p><span style=\"color: #000000;\"><strong>Lima, 03 Junio 2021, (ANDINA).-<\/strong> El n\u00famero de vacunas contra la covid-19 aplicadas en el Per\u00fa asciende, a la fecha, a 4 millones 168,707, con m\u00e1s de 2 millones 905,000 personas que han recibido la primera dosis y 1 mill\u00f3n 263,446 a las que ya se inocul\u00f3 tambi\u00e9n la segunda dosis.<\/span><\/p>\n<p><span style=\"color: #000000;\">As\u00ed se informa en la p\u00e1gina de la Campa\u00f1a Nacional de Vacunaci\u00f3n contra la covid-19, de la Presidencia del Consejo de Ministros (PCM), donde se a\u00f1ade que ayer, mi\u00e9rcoles 2 de junio, se aplicaron 62,117dosis de la vacuna contra el covid-19 (42,247 con la primera dosis y 19,870 con la segunda dosis).<\/span><\/p>\n<p><span style=\"color: #000000;\">Al respecto, Gustavo Rosell, viceministerio de Salud P\u00fablica del Ministerio de Salud (Minsa), inform\u00f3 que la semana pasada se vacun\u00f3 contra el covid-19 a 676,000 personas, mientras que en la semana anterior se inocul\u00f3 a 540,000, lo que evidencia un incremento de vacunaciones en los \u00faltimos d\u00edas.<\/span><\/p>\n<p><span style=\"color: #000000;\">Se\u00f1al\u00f3 que, en alg\u00fan momento, el Per\u00fa estar\u00e1 vacunando a un mill\u00f3n de personas por semana, y que actualmente se est\u00e1 llegando a un promedio de 80,000 vacunados por d\u00eda.<\/span><\/p>\n<p><span style=\"color: #000000;\">\u201cHay d\u00edas en que hemos vacunado a 135,000 o 125,000 personas. Conforme van llegando las vacunas inmediatamente estamos tomando todas las medidas a nivel nacional para que se puedan colocar (las vacunas) en el menor tiempo posible\u201d, subray\u00f3.<\/span><\/p>\n<p><strong><span style=\"color: #000000;\">Centros de vacunaci\u00f3n<\/span><\/strong><\/p>\n<p><span style=\"color: #000000;\">Rosell inform\u00f3 que, despu\u00e9s de las elecciones de este domingo 6 de junio, se van a abrir m\u00e1s centros de vacunaci\u00f3n y desplazar a un mayor n\u00famero de brigadas de vacunaci\u00f3n para poder vacunar a una mayor cantidad de ciudadanos al d\u00eda.<\/span><\/p>\n<p><span style=\"color: #000000;\">\u201cAdem\u00e1s, estamos implementando un nuevo Vacunacar mucho m\u00e1s grande para poder descongestionar los otros puntos donde se vacunan en los autos, sobre todo en el Jockey Plaza y en La Videna, donde hay mayor congesti\u00f3n\u201d, subray\u00f3.<\/span><\/p>\n<p><span style=\"color: #000000;\">Asimismo, se tiene programado m\u00e1s centros de vacunaci\u00f3n en Lima y Callao, a fin de descongestionar aquellos puntos de los distritos con gran poblaci\u00f3n, como son los casos de San Juan de Lurigancho y San Mart\u00edn de Porres.<\/span><\/p>\n<p><strong><span style=\"color: #000000;\">Antes del 28 de julio<\/span><\/strong><\/p>\n<p><span style=\"color: #000000;\">Tras indicar que el 70% de la poblaci\u00f3n debe estar vacunada para que el Per\u00fa alcance la inmunidad de reba\u00f1o, Rosell dijo el Gobierno cumplir\u00e1 con la meta de inmunizar a los 4.5 millones adultos mayores de 60 a\u00f1os, a las personas con comorbilidad, a los pueblos ind\u00edgenas y a todo el personas de primera l\u00ednea en la lucha contra el covi-19.<\/span><\/p>\n","protected":false},"excerpt":{"rendered":"<p>Para alcanzar inmunidad de reba\u00f1o se requiere vacunar al 70% de la poblaci\u00f3n Lima, 03 Junio 2021, (ANDINA).- El n\u00famero de vacunas contra la covid-19 aplicadas en el Per\u00fa asciende, a la fecha, a 4 millones 168,707, con m\u00e1s de 2 millones 905,000 personas que han recibido la primera dosis y 1 mill\u00f3n 263,446 a [&hellip;]<\/p>\n","protected":false},"author":1,"featured_media":96965,"comment_status":"closed","ping_status":"closed","sticky":false,"template":"","format":"standard","meta":{"rop_custom_images_group":[],"rop_custom_messages_group":[],"rop_publish_now":"initial","rop_publish_now_accounts":[],"rop_publish_now_history":[],"rop_publish_now_status":"pending","footnotes":""},"categories":[10],"tags":[388,431,5939],"class_list":["post-99392","post","type-post","status-publish","format-standard","has-post-thumbnail","hentry","category-actualidad-municipal","tag-ministerio-de-salud","tag-minsa","tag-vacunacion"],"_links":{"self":[{"href":"https:\/\/elinformanteperu.com\/index.php\/wp-json\/wp\/v2\/posts\/99392","targetHints":{"allow":["GET"]}}],"collection":[{"href":"https:\/\/elinformanteperu.com\/index.php\/wp-json\/wp\/v2\/posts"}],"about":[{"href":"https:\/\/elinformanteperu.com\/index.php\/wp-json\/wp\/v2\/types\/post"}],"author":[{"embeddable":true,"href":"https:\/\/elinformanteperu.com\/index.php\/wp-json\/wp\/v2\/users\/1"}],"replies":[{"embeddable":true,"href":"https:\/\/elinformanteperu.com\/index.php\/wp-json\/wp\/v2\/comments?post=99392"}],"version-history":[{"count":1,"href":"https:\/\/elinformanteperu.com\/index.php\/wp-json\/wp\/v2\/posts\/99392\/revisions"}],"predecessor-version":[{"id":99393,"href":"https:\/\/elinformanteperu.com\/index.php\/wp-json\/wp\/v2\/posts\/99392\/revisions\/99393"}],"wp:featuredmedia":[{"embeddable":true,"href":"https:\/\/elinformanteperu.com\/index.php\/wp-json\/wp\/v2\/media\/96965"}],"wp:attachment":[{"href":"https:\/\/elinformanteperu.com\/index.php\/wp-json\/wp\/v2\/media?parent=99392"}],"wp:term":[{"taxonomy":"category","embeddable":true,"href":"https:\/\/elinformanteperu.com\/index.php\/wp-json\/wp\/v2\/categories?post=99392"},{"taxonomy":"post_tag","embeddable":true,"href":"https:\/\/elinformanteperu.com\/index.php\/wp-json\/wp\/v2\/tags?post=99392"}],"curies":[{"name":"wp","href":"https:\/\/api.w.org\/{rel}","templated":true}]}}