{"id":99386,"date":"2021-06-03T20:24:30","date_gmt":"2021-06-04T01:24:30","guid":{"rendered":"https:\/\/elinformanteperu.com\/?p=99386"},"modified":"2021-06-03T20:24:30","modified_gmt":"2021-06-04T01:24:30","slug":"argentina-rinde-homenaje-a-maradona-con-su-rostro-estampado-en-la-camiseta","status":"publish","type":"post","link":"https:\/\/elinformanteperu.com\/index.php\/2021\/06\/03\/argentina-rinde-homenaje-a-maradona-con-su-rostro-estampado-en-la-camiseta\/","title":{"rendered":"Argentina rinde homenaje a Maradona con su rostro estampado en la camiseta"},"content":{"rendered":"<p><span style=\"color: #000000;\"><strong>Santiago del Estero, 03 Junio 2021, (ANDINA).-<\/strong> La selecci\u00f3n de Argentina sali\u00f3 al campo de juego ante Chile vestidos con una camiseta con el rostro de Diego Maradona, en homenaje a la leyenda del f\u00fatbol mundial fallecido el 25 de noviembre pasado a los 60 a\u00f1os, en la s\u00e9ptima fecha de la eliminatoria sudamericana al Mundial Catar-2022.<\/span><\/p>\n<p><span style=\"color: #000000;\">Las casacas que llevaban la foto de quien fuera capit\u00e1n del equipo campe\u00f3n del Mundial M\u00e9xico-1986 y un n\u00famero 10 fueron utilizadas mientras sonaban los Himnos Nacionales en un estadio sin p\u00fablico debido a la pandemia, y luego se las quitaron para el juego.<\/span><\/p>\n<p><span style=\"color: #000000;\">Este es el primer partido que juega la Albiceleste desde la muerte del &#8216;Pelusa&#8217;, emblema hist\u00f3rico de la selecci\u00f3n argentina, debido a la suspensi\u00f3n en marzo de la quinta y sexta fechas del premundial por la ola de covid.<\/span><\/p>\n<p><strong><span style=\"color: #000000;\">Enorme homenaje<\/span><\/strong><\/p>\n<p><span style=\"color: #000000;\">Poco antes del encuentro, el plantel liderado por el capit\u00e1n Lionel Messi particip\u00f3 de la inauguraci\u00f3n de una enorme estatua en homenaje al &#8217;10&#8217; argentino, ubicada en el acceso al Estadio \u00danico Madre de Ciudades en Santiago del Estero (1.000 km al norte de Buenos Aires), en una avenida que lleva el nombre Diego Armando Maradona.<\/span><\/p>\n<p><span style=\"color: #000000;\">Estuvo tambi\u00e9n presente el presidente de la Asociaci\u00f3n del F\u00fatbol Argentino (AFA), Claudio Tapia.<\/span><\/p>\n<p><span style=\"color: #000000;\">Al caer una inmensa bandera argentina, qued\u00f3 al descubierto la escultura de cinco metros de altura y montada sobre un pedestal de un metro, realizada en bronce por el artista Carlos Benavidez. La obra representa a un Maradona con las manos en la cintura y la pelota en los pies.<\/span><\/p>\n<p><span style=\"color: #000000;\">\u00abIniciamos los trabajos definiendo la pose, una muy caracter\u00edstica de Diego, el gran capit\u00e1n. Ahora el eterno gran capit\u00e1n. Tiene la magia que Diego despleg\u00f3 y el caracteres que tambi\u00e9n Diego mostr\u00f3 en su carrera\u00bb, explic\u00f3 el escultor.<\/span><\/p>\n<p><img fetchpriority=\"high\" decoding=\"async\" class=\"aligncenter size-full wp-image-83892\" src=\"https:\/\/elinformanteperu.com\/wp-content\/uploads\/2020\/10\/argentina-ecuador-messi.jpg\" alt=\"\" width=\"1800\" height=\"1200\" srcset=\"https:\/\/elinformanteperu.com\/wp-content\/uploads\/2020\/10\/argentina-ecuador-messi.jpg 1800w, https:\/\/elinformanteperu.com\/wp-content\/uploads\/2020\/10\/argentina-ecuador-messi-300x200.jpg 300w, https:\/\/elinformanteperu.com\/wp-content\/uploads\/2020\/10\/argentina-ecuador-messi-1024x683.jpg 1024w, https:\/\/elinformanteperu.com\/wp-content\/uploads\/2020\/10\/argentina-ecuador-messi-768x512.jpg 768w, https:\/\/elinformanteperu.com\/wp-content\/uploads\/2020\/10\/argentina-ecuador-messi-1536x1024.jpg 1536w\" sizes=\"(max-width: 1800px) 100vw, 1800px\" \/><\/p>\n","protected":false},"excerpt":{"rendered":"<p>Santiago del Estero, 03 Junio 2021, (ANDINA).- La selecci\u00f3n de Argentina sali\u00f3 al campo de juego ante Chile vestidos con una camiseta con el rostro de Diego Maradona, en homenaje a la leyenda del f\u00fatbol mundial fallecido el 25 de noviembre pasado a los 60 a\u00f1os, en la s\u00e9ptima fecha de la eliminatoria sudamericana al [&hellip;]<\/p>\n","protected":false},"author":1,"featured_media":99387,"comment_status":"closed","ping_status":"closed","sticky":false,"template":"","format":"standard","meta":{"rop_custom_images_group":[],"rop_custom_messages_group":[],"rop_publish_now":"initial","rop_publish_now_accounts":[],"rop_publish_now_history":[],"rop_publish_now_status":"pending","footnotes":""},"categories":[8],"tags":[6557,339,4106],"class_list":["post-99386","post","type-post","status-publish","format-standard","has-post-thumbnail","hentry","category-disciplinas-deportivas","tag-argentina-chile","tag-diego-armando-maradona","tag-eliminatorias-catar-2022"],"_links":{"self":[{"href":"https:\/\/elinformanteperu.com\/index.php\/wp-json\/wp\/v2\/posts\/99386","targetHints":{"allow":["GET"]}}],"collection":[{"href":"https:\/\/elinformanteperu.com\/index.php\/wp-json\/wp\/v2\/posts"}],"about":[{"href":"https:\/\/elinformanteperu.com\/index.php\/wp-json\/wp\/v2\/types\/post"}],"author":[{"embeddable":true,"href":"https:\/\/elinformanteperu.com\/index.php\/wp-json\/wp\/v2\/users\/1"}],"replies":[{"embeddable":true,"href":"https:\/\/elinformanteperu.com\/index.php\/wp-json\/wp\/v2\/comments?post=99386"}],"version-history":[{"count":1,"href":"https:\/\/elinformanteperu.com\/index.php\/wp-json\/wp\/v2\/posts\/99386\/revisions"}],"predecessor-version":[{"id":99388,"href":"https:\/\/elinformanteperu.com\/index.php\/wp-json\/wp\/v2\/posts\/99386\/revisions\/99388"}],"wp:featuredmedia":[{"embeddable":true,"href":"https:\/\/elinformanteperu.com\/index.php\/wp-json\/wp\/v2\/media\/99387"}],"wp:attachment":[{"href":"https:\/\/elinformanteperu.com\/index.php\/wp-json\/wp\/v2\/media?parent=99386"}],"wp:term":[{"taxonomy":"category","embeddable":true,"href":"https:\/\/elinformanteperu.com\/index.php\/wp-json\/wp\/v2\/categories?post=99386"},{"taxonomy":"post_tag","embeddable":true,"href":"https:\/\/elinformanteperu.com\/index.php\/wp-json\/wp\/v2\/tags?post=99386"}],"curies":[{"name":"wp","href":"https:\/\/api.w.org\/{rel}","templated":true}]}}