{"id":99383,"date":"2021-06-03T20:19:14","date_gmt":"2021-06-04T01:19:14","guid":{"rendered":"https:\/\/elinformanteperu.com\/?p=99383"},"modified":"2021-06-03T20:19:14","modified_gmt":"2021-06-04T01:19:14","slug":"ronald-koeman-seguira-como-entrenador-del-barcelona","status":"publish","type":"post","link":"https:\/\/elinformanteperu.com\/index.php\/2021\/06\/03\/ronald-koeman-seguira-como-entrenador-del-barcelona\/","title":{"rendered":"Ronald Koeman seguir\u00e1 como entrenador del Barcelona"},"content":{"rendered":"<p><span style=\"color: #000000;\"><strong>Barcelona, 03 Junio 2021, (ANDINA).-<\/strong> La junta directiva de Joan Laporta anunci\u00f3, tras la reuni\u00f3n ordinaria celebrada este jueves en las instalaciones del Camp Nou, que el t\u00e9cnico del Barcelona Ronald Koeman seguir\u00e1 como entrenador del primer equipo.<\/span><\/p>\n<p><span style=\"color: #000000;\">De esta manera, cumplir\u00e1 el a\u00f1o de contrato que le queda tras la rumorolog\u00eda de que pod\u00eda ser cesado para fichar a otro t\u00e9cnico. El mismo presidente dio por cerrado \u00abel periodo de reflexi\u00f3n sobre la continuidad\u00bb del entrenador en la rueda de prensa posterior a la reuni\u00f3n.<\/span><\/p>\n<p><span style=\"color: #000000;\">\u00abSe ha reflexionado y se ha decidido dar continuidad a Koeman porque estamos satisfechos de c\u00f3mo ha ido este periodo de reflexi\u00f3n. Nos hemos conocido m\u00e1s. Ronald ha tenido un comportamiento impecable y se han buscado soluciones a peque\u00f1as divergencias. Que siga es lo mejor para el Bar\u00e7a\u00bb, sentenci\u00f3 Laporta.<\/span><\/p>\n<p><span style=\"color: #000000;\">Adem\u00e1s, Laporta consider\u00f3 que Koeman \u00abha comprendido por qu\u00e9 ten\u00eda esta necesidad de conocerlo\u00bb y reconoci\u00f3 haberle \u00abpedido perd\u00f3n\u00bb por si al t\u00e9cnico neerland\u00e9s le ha \u00abincomodado\u00bb la incertidumbre de las \u00faltimas semanas. \u00abAhora sabemos d\u00f3nde estamos. Haremos un equipo muy competitivo\u00bb, a\u00f1adi\u00f3.<\/span><\/p>\n<p><span style=\"color: #000000;\">\u00abLa figura de Koeman sale reforzada. Hemos profundizado en nuestra relaci\u00f3n, vemos al entrenador motivado, puesto, con un a\u00f1o de experiencia en el vestuario. Yo veo el vaso lleno\u00bb, insisti\u00f3.<\/span><\/p>\n<p><span style=\"color: #000000;\">Lo que no dej\u00f3 claro Laporta es si Koeman renovar\u00e1 por una temporada m\u00e1s, explicando que es un tema que \u00abno se ha tratado\u00bb.<\/span><\/p>\n<p><span style=\"color: #000000;\">Por otro lado, sobre el retorno de Jordi Cruyff al Barcelona, esta vez como asesor del \u00e1rea del f\u00fatbol y a las \u00f3rdenes del director de f\u00fatbol Mateu Alemany, explic\u00f3: \u00abes un hombre de mundo, puede aportar mucho a la secretar\u00eda t\u00e9cnica y ha sido una reuni\u00f3n muy emotiva porque representa el regreso de un Cruyff a casa\u00bb.<\/span><\/p>\n<p><span style=\"color: #000000;\">Adem\u00e1s, dijo que aporta \u00abuna soluci\u00f3n comod\u00edn para determinadas situaciones que se pudiesen plantear\u00bb en el futuro.<\/span><\/p>\n<blockquote class=\"twitter-tweet\">\n<p dir=\"ltr\" lang=\"es\">\ud83d\udd0a <a href=\"https:\/\/twitter.com\/JoanLaportaFCB?ref_src=twsrc%5Etfw\">@JoanLaportaFCB<\/a>: \u00abDespu\u00e9s de este periodo de reflexi\u00f3n, hemos acordado que daremos continuidad al contrato en vigor de <a href=\"https:\/\/twitter.com\/RonaldKoeman?ref_src=twsrc%5Etfw\">@RonaldKoeman<\/a>\u00bb <a href=\"https:\/\/t.co\/3L4HAIdLXT\">pic.twitter.com\/3L4HAIdLXT<\/a><\/p>\n<p>\u2014 FC Barcelona (@FCBarcelona_es) <a href=\"https:\/\/twitter.com\/FCBarcelona_es\/status\/1400492911377141761?ref_src=twsrc%5Etfw\">June 3, 2021<\/a><\/p><\/blockquote>\n<p><script async src=\"https:\/\/platform.twitter.com\/widgets.js\" charset=\"utf-8\"><\/script><\/p>\n","protected":false},"excerpt":{"rendered":"<p>Barcelona, 03 Junio 2021, (ANDINA).- La junta directiva de Joan Laporta anunci\u00f3, tras la reuni\u00f3n ordinaria celebrada este jueves en las instalaciones del Camp Nou, que el t\u00e9cnico del Barcelona Ronald Koeman seguir\u00e1 como entrenador del primer equipo. De esta manera, cumplir\u00e1 el a\u00f1o de contrato que le queda tras la rumorolog\u00eda de que pod\u00eda [&hellip;]<\/p>\n","protected":false},"author":1,"featured_media":99384,"comment_status":"closed","ping_status":"closed","sticky":false,"template":"","format":"standard","meta":{"rop_custom_images_group":[],"rop_custom_messages_group":[],"rop_publish_now":"initial","rop_publish_now_accounts":[],"rop_publish_now_history":[],"rop_publish_now_status":"pending","footnotes":""},"categories":[8],"tags":[303,6055],"class_list":["post-99383","post","type-post","status-publish","format-standard","has-post-thumbnail","hentry","category-disciplinas-deportivas","tag-barcelona","tag-ronald-koeman"],"_links":{"self":[{"href":"https:\/\/elinformanteperu.com\/index.php\/wp-json\/wp\/v2\/posts\/99383","targetHints":{"allow":["GET"]}}],"collection":[{"href":"https:\/\/elinformanteperu.com\/index.php\/wp-json\/wp\/v2\/posts"}],"about":[{"href":"https:\/\/elinformanteperu.com\/index.php\/wp-json\/wp\/v2\/types\/post"}],"author":[{"embeddable":true,"href":"https:\/\/elinformanteperu.com\/index.php\/wp-json\/wp\/v2\/users\/1"}],"replies":[{"embeddable":true,"href":"https:\/\/elinformanteperu.com\/index.php\/wp-json\/wp\/v2\/comments?post=99383"}],"version-history":[{"count":1,"href":"https:\/\/elinformanteperu.com\/index.php\/wp-json\/wp\/v2\/posts\/99383\/revisions"}],"predecessor-version":[{"id":99385,"href":"https:\/\/elinformanteperu.com\/index.php\/wp-json\/wp\/v2\/posts\/99383\/revisions\/99385"}],"wp:featuredmedia":[{"embeddable":true,"href":"https:\/\/elinformanteperu.com\/index.php\/wp-json\/wp\/v2\/media\/99384"}],"wp:attachment":[{"href":"https:\/\/elinformanteperu.com\/index.php\/wp-json\/wp\/v2\/media?parent=99383"}],"wp:term":[{"taxonomy":"category","embeddable":true,"href":"https:\/\/elinformanteperu.com\/index.php\/wp-json\/wp\/v2\/categories?post=99383"},{"taxonomy":"post_tag","embeddable":true,"href":"https:\/\/elinformanteperu.com\/index.php\/wp-json\/wp\/v2\/tags?post=99383"}],"curies":[{"name":"wp","href":"https:\/\/api.w.org\/{rel}","templated":true}]}}