{"id":99377,"date":"2021-06-03T01:10:12","date_gmt":"2021-06-03T06:10:12","guid":{"rendered":"https:\/\/elinformanteperu.com\/?p=99377"},"modified":"2021-06-03T01:10:12","modified_gmt":"2021-06-03T06:10:12","slug":"keiko-fujimori-anuncia-que-cerrara-su-campana-en-villa-el-salvador","status":"publish","type":"post","link":"https:\/\/elinformanteperu.com\/index.php\/2021\/06\/03\/keiko-fujimori-anuncia-que-cerrara-su-campana-en-villa-el-salvador\/","title":{"rendered":"Keiko Fujimori anuncia que cerrar\u00e1 su campa\u00f1a en Villa El Salvador"},"content":{"rendered":"<p><span style=\"color: #000000;\"><strong>Lima, 02 Junio 2021, (ANDINA).-<\/strong> La candidata de Fuerza Popular, Keiko Fujimori, inform\u00f3 que, ante la imposibilidad de hacer su cierre de campa\u00f1a en la Plaza San Mart\u00edn, realizar\u00e1 una convocatoria para el d\u00eda de ma\u00f1ana en el distrito de Villa El Salvador.<\/span><\/p>\n<p><span style=\"color: #000000;\">A trav\u00e9s de su cuenta de Twitter, Fujimori Higuchi rechaz\u00f3 tambi\u00e9n la disposici\u00f3n del Gobierno al limitarse las congregaciones en la plaza San Mart\u00edn, en el centro de Lima.<\/span><\/p>\n<p><span style=\"color: #000000;\">\u00abNos vemos ma\u00f1ana en la tarde en el \u00d3valo Las Palomas del distrito pujante y emprendedor de Villa El Salvador\u201d, escribi\u00f3 la candidata de Fuerza Popular.<\/span><\/p>\n<p><span style=\"color: #000000;\">Precisamente Fujimori Higuchi ten\u00eda planificado su cierre de campa\u00f1a en la Plaza San Mart\u00edn en horas de la noche del jueves.<\/span><\/p>\n<p><span style=\"color: #000000;\">Sin embargo, hoy la jefa del Gabinete Ministerial, Violeta Berm\u00fadez, indic\u00f3 que de acuerdo con informaci\u00f3n del Ministerio del Interior la Plaza San Mart\u00edn, no estar\u00e1 disponible para ning\u00fan tipo de convocatoria pol\u00edtica.<\/span><\/p>\n<p><span style=\"color: #000000;\">Dicha medida, se hizo para salvaguardar la salud y la vida de los ciudadanos y evitar grandes concentraciones de personas, como los actos pol\u00edticos.<\/span><\/p>\n<blockquote class=\"twitter-tweet\">\n<p dir=\"ltr\" lang=\"es\">Frente a la antidemocr\u00e1tica decisi\u00f3n del gobierno de no permitirnos hacer nuestro cierre de campa\u00f1a en el Centro de Lima, nosotros seguimos adelante. Nos vemos ma\u00f1ana en la tarde en el \u00d3valo Las Palomas del distrito pujante y emprendedor de Villa El Salvador. \ud83c\uddf5\ud83c\uddea<\/p>\n<p>\u2014 Keiko Fujimori (@KeikoFujimori) <a href=\"https:\/\/twitter.com\/KeikoFujimori\/status\/1400282887455449088?ref_src=twsrc%5Etfw\">June 3, 2021<\/a><\/p><\/blockquote>\n<p><script async src=\"https:\/\/platform.twitter.com\/widgets.js\" charset=\"utf-8\"><\/script><\/p>\n","protected":false},"excerpt":{"rendered":"<p>Lima, 02 Junio 2021, (ANDINA).- La candidata de Fuerza Popular, Keiko Fujimori, inform\u00f3 que, ante la imposibilidad de hacer su cierre de campa\u00f1a en la Plaza San Mart\u00edn, realizar\u00e1 una convocatoria para el d\u00eda de ma\u00f1ana en el distrito de Villa El Salvador. A trav\u00e9s de su cuenta de Twitter, Fujimori Higuchi rechaz\u00f3 tambi\u00e9n la [&hellip;]<\/p>\n","protected":false},"author":1,"featured_media":99378,"comment_status":"closed","ping_status":"closed","sticky":false,"template":"","format":"standard","meta":{"rop_custom_images_group":[],"rop_custom_messages_group":[],"rop_publish_now":"initial","rop_publish_now_accounts":[],"rop_publish_now_history":[],"rop_publish_now_status":"pending","footnotes":""},"categories":[5,5745],"tags":[6466,295,557],"class_list":["post-99377","post","type-post","status-publish","format-standard","has-post-thumbnail","hentry","category-actualidad-informativa","category-lo-ultimo","tag-elecciones-segunda-vuelta-2021","tag-fuerza-popular","tag-keiko-fujimori"],"_links":{"self":[{"href":"https:\/\/elinformanteperu.com\/index.php\/wp-json\/wp\/v2\/posts\/99377","targetHints":{"allow":["GET"]}}],"collection":[{"href":"https:\/\/elinformanteperu.com\/index.php\/wp-json\/wp\/v2\/posts"}],"about":[{"href":"https:\/\/elinformanteperu.com\/index.php\/wp-json\/wp\/v2\/types\/post"}],"author":[{"embeddable":true,"href":"https:\/\/elinformanteperu.com\/index.php\/wp-json\/wp\/v2\/users\/1"}],"replies":[{"embeddable":true,"href":"https:\/\/elinformanteperu.com\/index.php\/wp-json\/wp\/v2\/comments?post=99377"}],"version-history":[{"count":1,"href":"https:\/\/elinformanteperu.com\/index.php\/wp-json\/wp\/v2\/posts\/99377\/revisions"}],"predecessor-version":[{"id":99379,"href":"https:\/\/elinformanteperu.com\/index.php\/wp-json\/wp\/v2\/posts\/99377\/revisions\/99379"}],"wp:featuredmedia":[{"embeddable":true,"href":"https:\/\/elinformanteperu.com\/index.php\/wp-json\/wp\/v2\/media\/99378"}],"wp:attachment":[{"href":"https:\/\/elinformanteperu.com\/index.php\/wp-json\/wp\/v2\/media?parent=99377"}],"wp:term":[{"taxonomy":"category","embeddable":true,"href":"https:\/\/elinformanteperu.com\/index.php\/wp-json\/wp\/v2\/categories?post=99377"},{"taxonomy":"post_tag","embeddable":true,"href":"https:\/\/elinformanteperu.com\/index.php\/wp-json\/wp\/v2\/tags?post=99377"}],"curies":[{"name":"wp","href":"https:\/\/api.w.org\/{rel}","templated":true}]}}