{"id":9880,"date":"2017-05-12T12:46:58","date_gmt":"2017-05-12T17:46:58","guid":{"rendered":"http:\/\/elinformanteperu.com\/?p=9880"},"modified":"2017-05-12T12:52:29","modified_gmt":"2017-05-12T17:52:29","slug":"raul-ruidiaz-tecnico-del-morelia-lo-esperara-asi-no-este-en-el-100-de-sus-condiciones","status":"publish","type":"post","link":"https:\/\/elinformanteperu.com\/index.php\/2017\/05\/12\/raul-ruidiaz-tecnico-del-morelia-lo-esperara-asi-no-este-en-el-100-de-sus-condiciones\/","title":{"rendered":"Ra\u00fal Ruid\u00edaz: t\u00e9cnico del Morelia lo esperar\u00e1 as\u00ed no est\u00e9 en el 100% de sus condiciones"},"content":{"rendered":"<p><strong><span style=\"color: #000000;\">El t\u00e9cnico de Morelia Roberto Hern\u00e1ndez, reiter\u00f3 que aspira a contar con la Pulga en la vuelta de los cuartos de final de la Liga MX.<\/span><\/strong><\/p>\n<p><span style=\"color: #000000;\"><strong>Morelia, 12 Mayo 2017, (ANDINA).-<\/strong> El t\u00e9cnico de Morelia Roberto Hern\u00e1ndez, quien respira m\u00e1s tranquilo porque la lesi\u00f3n de Ra\u00fal Ruid\u00edaz no ser\u00eda de consideraci\u00f3n, reiter\u00f3 que aspira a contar con la Pulga en la vuelta de los cuartos de final de la Liga MX \u00abaunque no est\u00e9 en el ciento por ciento de sus condiciones\u00bb.<\/span><\/p>\n<p><span style=\"color: #000000;\">\u00abRuid\u00edaz es muy \u00fatil para el equipo porque es un delantero desequilibrante, de esos que no aparecen a diario\u00bb, declar\u00f3 Hern\u00e1ndez, poco despu\u00e9s del partido de ida ante el Xolos de Tijuana, que finaliz\u00f3 1-0 a favor del Morelia.<\/span><\/p>\n<p><span style=\"color: #000000;\">Ruid\u00edaz, que sali\u00f3 del campo en el minuto 33&#8242; de la primera etapa del partido ante Xolos por un fuerte dolor en la rodilla izquierda, le pidi\u00f3 al t\u00e9cnico de la Monarqu\u00eda que no lo descart\u00e9 para la revancha.<\/span><\/p>\n<p><span style=\"color: #000000;\">Por su parte, los m\u00e9dicos del Morelia a\u00fan no han emitido el reporte m\u00e9dico de la lesi\u00f3n del artillero peruano pero se especula que podr\u00eda estar en el partido de vuelta al menos unos minutos.<\/span><\/p>\n<p><img fetchpriority=\"high\" decoding=\"async\" class=\"aligncenter size-full wp-image-9883\" src=\"http:\/\/elinformanteperu.com\/wp-content\/uploads\/2017\/05\/ruidiaz-lesion1.jpg\" alt=\"\" width=\"500\" height=\"348\" srcset=\"https:\/\/elinformanteperu.com\/wp-content\/uploads\/2017\/05\/ruidiaz-lesion1.jpg 500w, https:\/\/elinformanteperu.com\/wp-content\/uploads\/2017\/05\/ruidiaz-lesion1-300x209.jpg 300w, https:\/\/elinformanteperu.com\/wp-content\/uploads\/2017\/05\/ruidiaz-lesion1-128x89.jpg 128w, https:\/\/elinformanteperu.com\/wp-content\/uploads\/2017\/05\/ruidiaz-lesion1-32x22.jpg 32w\" sizes=\"(max-width: 500px) 100vw, 500px\" \/><\/p>\n","protected":false},"excerpt":{"rendered":"<p>El t\u00e9cnico de Morelia Roberto Hern\u00e1ndez, reiter\u00f3 que aspira a contar con la Pulga en la vuelta de los cuartos de final de la Liga MX. Morelia, 12 Mayo 2017, (ANDINA).- El t\u00e9cnico de Morelia Roberto Hern\u00e1ndez, quien respira m\u00e1s tranquilo porque la lesi\u00f3n de Ra\u00fal Ruid\u00edaz no ser\u00eda de consideraci\u00f3n, reiter\u00f3 que aspira a [&hellip;]<\/p>\n","protected":false},"author":1,"featured_media":9882,"comment_status":"open","ping_status":"open","sticky":false,"template":"","format":"standard","meta":{"rop_custom_images_group":[],"rop_custom_messages_group":[],"rop_publish_now":"initial","rop_publish_now_accounts":[],"rop_publish_now_history":[],"rop_publish_now_status":"pending","footnotes":""},"categories":[8],"tags":[840,669],"class_list":["post-9880","post","type-post","status-publish","format-standard","has-post-thumbnail","hentry","category-disciplinas-deportivas","tag-monarcas-morelia","tag-raul-ruidiaz"],"_links":{"self":[{"href":"https:\/\/elinformanteperu.com\/index.php\/wp-json\/wp\/v2\/posts\/9880","targetHints":{"allow":["GET"]}}],"collection":[{"href":"https:\/\/elinformanteperu.com\/index.php\/wp-json\/wp\/v2\/posts"}],"about":[{"href":"https:\/\/elinformanteperu.com\/index.php\/wp-json\/wp\/v2\/types\/post"}],"author":[{"embeddable":true,"href":"https:\/\/elinformanteperu.com\/index.php\/wp-json\/wp\/v2\/users\/1"}],"replies":[{"embeddable":true,"href":"https:\/\/elinformanteperu.com\/index.php\/wp-json\/wp\/v2\/comments?post=9880"}],"version-history":[{"count":1,"href":"https:\/\/elinformanteperu.com\/index.php\/wp-json\/wp\/v2\/posts\/9880\/revisions"}],"predecessor-version":[{"id":9884,"href":"https:\/\/elinformanteperu.com\/index.php\/wp-json\/wp\/v2\/posts\/9880\/revisions\/9884"}],"wp:featuredmedia":[{"embeddable":true,"href":"https:\/\/elinformanteperu.com\/index.php\/wp-json\/wp\/v2\/media\/9882"}],"wp:attachment":[{"href":"https:\/\/elinformanteperu.com\/index.php\/wp-json\/wp\/v2\/media?parent=9880"}],"wp:term":[{"taxonomy":"category","embeddable":true,"href":"https:\/\/elinformanteperu.com\/index.php\/wp-json\/wp\/v2\/categories?post=9880"},{"taxonomy":"post_tag","embeddable":true,"href":"https:\/\/elinformanteperu.com\/index.php\/wp-json\/wp\/v2\/tags?post=9880"}],"curies":[{"name":"wp","href":"https:\/\/api.w.org\/{rel}","templated":true}]}}