{"id":98766,"date":"2021-05-27T19:24:23","date_gmt":"2021-05-28T00:24:23","guid":{"rendered":"https:\/\/elinformanteperu.com\/?p=98766"},"modified":"2021-05-27T19:24:23","modified_gmt":"2021-05-28T00:24:23","slug":"sebastian-yatra-vencio-la-covid-19-me-juraba-invencible","status":"publish","type":"post","link":"https:\/\/elinformanteperu.com\/index.php\/2021\/05\/27\/sebastian-yatra-vencio-la-covid-19-me-juraba-invencible\/","title":{"rendered":"Sebasti\u00e1n Yatra venci\u00f3 la covid-19: \u00abMe juraba invencible\u00bb"},"content":{"rendered":"<p><span style=\"color: #000000;\"><strong>Lima, 27 Mayo, (ANDINA).-<\/strong> El cantante colombiano Sebasti\u00e1n Yatra revel\u00f3 que super\u00f3 la covid-19 y pidi\u00f3 que no se baje la guardia para evitar contraer la enfermedad; todo ello mientras vive el \u00e9xito mundial de su canci\u00f3n \u00abPareja del a\u00f1o\u00bb y da sus primeros pasos como actor en la nueva serie del director mexicano Manolo Caro, de la que confes\u00f3 tuvo miedo de ser expulsado por un inocente error.<\/span><\/p>\n<p><span style=\"color: #000000;\">\u201cA m\u00ed en lo personal yo juraba que yo era invencible contra la covid-19, porque pas\u00f3 un a\u00f1o y nunca lo tuve y me termin\u00f3 dando, nunca hab\u00eda dicho que me dio covid en alg\u00fan momento, pero me dio y a todos nos puede dar y a alguna gente le afecta y le pega muy duro\u201d, dijo a Infobae M\u00e9xico.<\/span><\/p>\n<p><span style=\"color: #000000;\">Sobre su participaci\u00f3n en la nueva producci\u00f3n de Manolo Caro, donde realiza su primer protag\u00f3nico dijo \u00abyo sent\u00eda que me iba a sacar en cualquier momento de la serie\u00bb, asegur\u00f3 en conferencia para medios mexicanos el cantante, quien record\u00f3 haber sentido unos nervios incontrolables \u00abcomo cuando te gusta mucho una chica\u00bb, cuando se trataba de hablar con el director de \u00abLa casa de las flores\u00bb (2018).<\/span><\/p>\n<p><span style=\"color: #000000;\">El cantante dijo, que pas\u00f3 algo \u00abmuy chistoso\u00bb que Caro recuerda. \u00abNi siquiera nos conoc\u00edamos en persona, est\u00e1bamos por firmar el contrato de la serie y yo le mand\u00e9 una nota de voz y al final se me escapa decirle &#8216;bueno parce, nada, te quiero&#8217; y dije &#8216;\u00bfpor que le dije te quiero?'\u00bb, record\u00f3 el cantante.<\/span><\/p>\n<p><span style=\"color: #000000;\">\u00abLo quise borrar, pero cuando lo iba a hacer \u00e9l ya lo estaba escuchando y sent\u00eda que me iba a sacar de la serie. Nunca me contest\u00f3 ese mensaje y dije &#8216;estoy out (fuera)'\u00bb, a\u00f1adi\u00f3.<\/span><\/p>\n<p><span style=\"color: #000000;\">Las cosas no fueron tan oscuras como esperaba y actualmente Yatra sigue firme en su puesto como protagonista en la serie titulada \u00ab\u00c9rase una vez&#8230; pero ya no\u00bb, que se est\u00e1 rodando en Espa\u00f1a.<\/span><\/p>\n<p><iframe title=\"YouTube video player\" src=\"https:\/\/www.youtube-nocookie.com\/embed\/SRm2Ch4oFWs?controls=0\" width=\"520\" height=\"315\" frameborder=\"0\" allowfullscreen=\"allowfullscreen\"><span data-mce-type=\"bookmark\" style=\"display: inline-block; width: 0px; overflow: hidden; line-height: 0;\" class=\"mce_SELRES_start\">\ufeff<\/span><\/iframe><\/p>\n","protected":false},"excerpt":{"rendered":"<p>Lima, 27 Mayo, (ANDINA).- El cantante colombiano Sebasti\u00e1n Yatra revel\u00f3 que super\u00f3 la covid-19 y pidi\u00f3 que no se baje la guardia para evitar contraer la enfermedad; todo ello mientras vive el \u00e9xito mundial de su canci\u00f3n \u00abPareja del a\u00f1o\u00bb y da sus primeros pasos como actor en la nueva serie del director mexicano Manolo [&hellip;]<\/p>\n","protected":false},"author":1,"featured_media":98767,"comment_status":"closed","ping_status":"closed","sticky":false,"template":"","format":"standard","meta":{"rop_custom_images_group":[],"rop_custom_messages_group":[],"rop_publish_now":"initial","rop_publish_now_accounts":[],"rop_publish_now_history":[],"rop_publish_now_status":"pending","footnotes":""},"categories":[69],"tags":[1496],"class_list":["post-98766","post","type-post","status-publish","format-standard","has-post-thumbnail","hentry","category-musica","tag-sebastian-yatra"],"_links":{"self":[{"href":"https:\/\/elinformanteperu.com\/index.php\/wp-json\/wp\/v2\/posts\/98766","targetHints":{"allow":["GET"]}}],"collection":[{"href":"https:\/\/elinformanteperu.com\/index.php\/wp-json\/wp\/v2\/posts"}],"about":[{"href":"https:\/\/elinformanteperu.com\/index.php\/wp-json\/wp\/v2\/types\/post"}],"author":[{"embeddable":true,"href":"https:\/\/elinformanteperu.com\/index.php\/wp-json\/wp\/v2\/users\/1"}],"replies":[{"embeddable":true,"href":"https:\/\/elinformanteperu.com\/index.php\/wp-json\/wp\/v2\/comments?post=98766"}],"version-history":[{"count":1,"href":"https:\/\/elinformanteperu.com\/index.php\/wp-json\/wp\/v2\/posts\/98766\/revisions"}],"predecessor-version":[{"id":98768,"href":"https:\/\/elinformanteperu.com\/index.php\/wp-json\/wp\/v2\/posts\/98766\/revisions\/98768"}],"wp:featuredmedia":[{"embeddable":true,"href":"https:\/\/elinformanteperu.com\/index.php\/wp-json\/wp\/v2\/media\/98767"}],"wp:attachment":[{"href":"https:\/\/elinformanteperu.com\/index.php\/wp-json\/wp\/v2\/media?parent=98766"}],"wp:term":[{"taxonomy":"category","embeddable":true,"href":"https:\/\/elinformanteperu.com\/index.php\/wp-json\/wp\/v2\/categories?post=98766"},{"taxonomy":"post_tag","embeddable":true,"href":"https:\/\/elinformanteperu.com\/index.php\/wp-json\/wp\/v2\/tags?post=98766"}],"curies":[{"name":"wp","href":"https:\/\/api.w.org\/{rel}","templated":true}]}}