{"id":98656,"date":"2021-05-26T00:18:32","date_gmt":"2021-05-26T05:18:32","guid":{"rendered":"https:\/\/elinformanteperu.com\/?p=98656"},"modified":"2021-05-26T00:18:32","modified_gmt":"2021-05-26T05:18:32","slug":"pedro-castillo-estamos-a-favor-de-una-verdadera-meritocracia-en-la-educacion","status":"publish","type":"post","link":"https:\/\/elinformanteperu.com\/index.php\/2021\/05\/26\/pedro-castillo-estamos-a-favor-de-una-verdadera-meritocracia-en-la-educacion\/","title":{"rendered":"Pedro Castillo: \u00abEstamos a favor de una verdadera meritocracia en la educaci\u00f3n\u00bb"},"content":{"rendered":"<p><strong><span style=\"color: #000000;\">Candidato de Per\u00fa Libre afirma que a Cerr\u00f3n no lo van a ver ni siquiera de portero de su gobierno<\/span><\/strong><\/p>\n<p><span style=\"color: #000000;\"><strong>Hu\u00e1nuco, 25 Mayo, (ANDINA).-<\/strong> El candidato presidencial por Per\u00fa Libre, Pedro Castillo, dijo estar a favor de una verdadera meritocracia en la Educaci\u00f3n, proceso que debe encaminarse desde el punto de vista social, anot\u00f3.<\/span><\/p>\n<p><span style=\"color: #000000;\">Antes de partir de Hu\u00e1nuco con destino a Lima indic\u00f3 que la problem\u00e1tica del sistema educativo es estructural y va m\u00e1s all\u00e1 de la situaci\u00f3n de los maestros, los estudiantes y la infraestructura.<\/span><\/p>\n<p><span style=\"color: #000000;\">\u00abTodos estamos a favor de la verdadera meritocracia, eso se debe encaminar desde el punto de vista social: de los maestros, de los padres, pensando en la educaci\u00f3n, no desde arriba. Meritocracia no es echarle la culpa al maestro, educaci\u00f3n es un tema de todos\u00bb, agreg\u00f3.<\/span><\/p>\n<p><span style=\"color: #000000;\">Asimismo, afirm\u00f3 que se re\u00fane permanentemente con los congresistas electos de Per\u00fa Libre para ver temas de inter\u00e9s nacional.<\/span><\/p>\n<p><span style=\"color: #000000;\">En otro momento, asegur\u00f3 que el secretario general de su partido, Vladimir Cerr\u00f3n, no ser\u00e1 visto ni de portero en un eventual gobierno suyo.<\/span><\/p>\n<p><span style=\"color: #000000;\">Afirm\u00f3 que las decisiones en su campa\u00f1a las toma \u00e9l mismo y el pueblo.<\/span><\/p>\n<p><span style=\"color: #000000;\">\u00abEl se\u00f1or Cerr\u00f3n est\u00e1 impedido judicialmente, no lo van a ver ni siquiera de portero en ninguna de las instituciones del Estado\u00bb, subray\u00f3 el candidato en declaraciones a la prensa.<\/span><\/p>\n<p><span style=\"color: #000000;\">Seg\u00fan remarc\u00f3, hay claridad en que las cosas se har\u00e1n respetando al pueblo. \u00abEsta lucha no es de Cerr\u00f3n, no es de Pedro Castillo, es del pueblo\u00bb, insisti\u00f3.<\/span><\/p>\n<p><span style=\"color: #000000;\">Respecto al asesinato de 16 personas en el Vraem, en un ataque atribuido a Sendero Luminoso, dijo que el pueblo sabe en qu\u00e9 escenario surgen.<\/span><\/p>\n<p><span style=\"color: #000000;\">Asimismo, expres\u00f3 su disposici\u00f3n a las investigaciones porque \u00abel Per\u00fa no se puede prestar para estas cosas, primero est\u00e1n la vida y la salud\u00bb.<\/span><\/p>\n","protected":false},"excerpt":{"rendered":"<p>Candidato de Per\u00fa Libre afirma que a Cerr\u00f3n no lo van a ver ni siquiera de portero de su gobierno Hu\u00e1nuco, 25 Mayo, (ANDINA).- El candidato presidencial por Per\u00fa Libre, Pedro Castillo, dijo estar a favor de una verdadera meritocracia en la Educaci\u00f3n, proceso que debe encaminarse desde el punto de vista social, anot\u00f3. Antes [&hellip;]<\/p>\n","protected":false},"author":1,"featured_media":98657,"comment_status":"closed","ping_status":"closed","sticky":false,"template":"","format":"standard","meta":{"rop_custom_images_group":[],"rop_custom_messages_group":[],"rop_publish_now":"initial","rop_publish_now_accounts":[],"rop_publish_now_history":[],"rop_publish_now_status":"pending","footnotes":""},"categories":[5],"tags":[6466,2092,5006],"class_list":["post-98656","post","type-post","status-publish","format-standard","has-post-thumbnail","hentry","category-actualidad-informativa","tag-elecciones-segunda-vuelta-2021","tag-pedro-castillo","tag-peru-libre"],"_links":{"self":[{"href":"https:\/\/elinformanteperu.com\/index.php\/wp-json\/wp\/v2\/posts\/98656","targetHints":{"allow":["GET"]}}],"collection":[{"href":"https:\/\/elinformanteperu.com\/index.php\/wp-json\/wp\/v2\/posts"}],"about":[{"href":"https:\/\/elinformanteperu.com\/index.php\/wp-json\/wp\/v2\/types\/post"}],"author":[{"embeddable":true,"href":"https:\/\/elinformanteperu.com\/index.php\/wp-json\/wp\/v2\/users\/1"}],"replies":[{"embeddable":true,"href":"https:\/\/elinformanteperu.com\/index.php\/wp-json\/wp\/v2\/comments?post=98656"}],"version-history":[{"count":1,"href":"https:\/\/elinformanteperu.com\/index.php\/wp-json\/wp\/v2\/posts\/98656\/revisions"}],"predecessor-version":[{"id":98658,"href":"https:\/\/elinformanteperu.com\/index.php\/wp-json\/wp\/v2\/posts\/98656\/revisions\/98658"}],"wp:featuredmedia":[{"embeddable":true,"href":"https:\/\/elinformanteperu.com\/index.php\/wp-json\/wp\/v2\/media\/98657"}],"wp:attachment":[{"href":"https:\/\/elinformanteperu.com\/index.php\/wp-json\/wp\/v2\/media?parent=98656"}],"wp:term":[{"taxonomy":"category","embeddable":true,"href":"https:\/\/elinformanteperu.com\/index.php\/wp-json\/wp\/v2\/categories?post=98656"},{"taxonomy":"post_tag","embeddable":true,"href":"https:\/\/elinformanteperu.com\/index.php\/wp-json\/wp\/v2\/tags?post=98656"}],"curies":[{"name":"wp","href":"https:\/\/api.w.org\/{rel}","templated":true}]}}