{"id":98554,"date":"2021-05-25T00:31:52","date_gmt":"2021-05-25T05:31:52","guid":{"rendered":"https:\/\/elinformanteperu.com\/?p=98554"},"modified":"2021-05-25T00:31:52","modified_gmt":"2021-05-25T05:31:52","slug":"fuerza-popular-plantea-atencion-a-personas-vulnerables-y-reactivacion-economica","status":"publish","type":"post","link":"https:\/\/elinformanteperu.com\/index.php\/2021\/05\/25\/fuerza-popular-plantea-atencion-a-personas-vulnerables-y-reactivacion-economica\/","title":{"rendered":"Fuerza Popular plantea atenci\u00f3n a personas vulnerables y reactivaci\u00f3n econ\u00f3mica"},"content":{"rendered":"<p><strong><span style=\"color: #000000;\">Se\u00f1ala Luis Carranza, vocero econ\u00f3mico de partido fujimorista<\/span><\/strong><\/p>\n<p><span style=\"color: #000000;\"><strong>Lima, 24 Mayo, (ANDINA).-<\/strong> Luis Carranza, vocero econ\u00f3mico del equipo t\u00e9cnico de Fuerza Popular, indic\u00f3 hoy que esta organizaci\u00f3n pol\u00edtica plantea la reactivaci\u00f3n econ\u00f3mica y la atenci\u00f3n a personas vulnerables, con programas como el aumento de las subvenciones en Pensi\u00f3n 65 y el bono ox\u00edgeno.<\/span><\/p>\n<p><span style=\"color: #000000;\">Explic\u00f3 que en Pensi\u00f3n 65 las subvenciones pasar\u00e1n de 250 a 500 soles bimensuales y que se incorporar\u00e1 como beneficiarios a medio mill\u00f3n de personas cada a\u00f1o, hasta llegar al 2026 a una cobertura universal de todos los adultos mayores.<\/span><\/p>\n<p><span style=\"color: #000000;\">El incremento inmediato de las subversiones, seg\u00fan dijo en RPP, costar\u00eda 350 millones de soles m\u00e1s este a\u00f1o y la incorporaci\u00f3n de cada medio mill\u00f3n de personas 1,700 millones de soles anuales, lo que representar\u00eda entre 0.8 y 0.9% del PBI, una cifra \u201cmanejable para la econom\u00eda que puede crecer entre 6%\u201d.<\/span><\/p>\n<p><span style=\"color: #000000;\">Respecto a la entrega directa del canon a las poblaciones aleda\u00f1as de los proyectos mineros, Carranza refiri\u00f3 que ser\u00e1n las personas beneficiarias qui\u00e9nes decidir\u00e1n si invierten esos recursos en \u201cmejorar su casa, mejorar el regad\u00edo, comprar ganado, ese es el objetivo, no es para que compren alimentos del d\u00eda a d\u00eda\u201d.<\/span><\/p>\n<p><strong><span style=\"color: #000000;\">Programa volver a empezar<\/span><\/strong><\/p>\n<p><span style=\"color: #000000;\">Carranza sostuvo tambi\u00e9n que para los micro y peque\u00f1os empresarios, Fuerza Popular plantea el programa Volver a empezar, que entregar\u00e1 cr\u00e9ditos a 7 a\u00f1os de plazo, con 4 a\u00f1os de gracia y cero intereses, respaldado con garant\u00eda del tesoro p\u00fablico.<\/span><\/p>\n<p><span style=\"color: #000000;\">\u201cIr\u00e1 a los peque\u00f1os y micro empresarios, se canaliza como Reactiva, con l\u00edneas de cr\u00e9dito del BCR a instituciones financieras que dar\u00e1n eso recursos a las micro empresas, el conjunto es 10 mil millones de soles de cr\u00e9dito, que ser\u00e1 entre 5 a 10 mil soles m\u00e1ximo\u201d, apunt\u00f3.<\/span><\/p>\n<p><span style=\"color: #000000;\">Indic\u00f3 adem\u00e1s que Fuerza Popular tiene previsto capitalizar Cofide con 3,500 millones de soles para dar cr\u00e9dito a las peque\u00f1as y medianas empresa a mediano plazo. La capitalizaci\u00f3n permitir\u00e1 apalancar hasta con 14 mil millones de soles a los bancos a cajas para cr\u00e9ditos a los peque\u00f1os empresarios, con garant\u00eda del 50% de Cofide.<\/span><\/p>\n<p><span style=\"color: #000000;\">\u201cEn el plan de gobierno proponemos tu salud, tu comida y tu trabajo, debemos atender a la poblaci\u00f3n vulnerable, ah\u00ed est\u00e1 Pensi\u00f3n 65, bono ox\u00edgeno, Juntos, luego est\u00e1 la necesidad de apostar por los medianos y peque\u00f1os empresarios. Del otro lado vemos grandes incoherencias, no hay forma de incentivar a la inversi\u00f3n privada si es satanizada, si hay desconfianza\u201d, refiri\u00f3.<\/span><\/p>\n","protected":false},"excerpt":{"rendered":"<p>Se\u00f1ala Luis Carranza, vocero econ\u00f3mico de partido fujimorista Lima, 24 Mayo, (ANDINA).- Luis Carranza, vocero econ\u00f3mico del equipo t\u00e9cnico de Fuerza Popular, indic\u00f3 hoy que esta organizaci\u00f3n pol\u00edtica plantea la reactivaci\u00f3n econ\u00f3mica y la atenci\u00f3n a personas vulnerables, con programas como el aumento de las subvenciones en Pensi\u00f3n 65 y el bono ox\u00edgeno. Explic\u00f3 que [&hellip;]<\/p>\n","protected":false},"author":1,"featured_media":98555,"comment_status":"closed","ping_status":"closed","sticky":false,"template":"","format":"standard","meta":{"rop_custom_images_group":[],"rop_custom_messages_group":[],"rop_publish_now":"initial","rop_publish_now_accounts":[],"rop_publish_now_history":[],"rop_publish_now_status":"pending","footnotes":""},"categories":[5],"tags":[6466,295,532],"class_list":["post-98554","post","type-post","status-publish","format-standard","has-post-thumbnail","hentry","category-actualidad-informativa","tag-elecciones-segunda-vuelta-2021","tag-fuerza-popular","tag-luis-carranza"],"_links":{"self":[{"href":"https:\/\/elinformanteperu.com\/index.php\/wp-json\/wp\/v2\/posts\/98554","targetHints":{"allow":["GET"]}}],"collection":[{"href":"https:\/\/elinformanteperu.com\/index.php\/wp-json\/wp\/v2\/posts"}],"about":[{"href":"https:\/\/elinformanteperu.com\/index.php\/wp-json\/wp\/v2\/types\/post"}],"author":[{"embeddable":true,"href":"https:\/\/elinformanteperu.com\/index.php\/wp-json\/wp\/v2\/users\/1"}],"replies":[{"embeddable":true,"href":"https:\/\/elinformanteperu.com\/index.php\/wp-json\/wp\/v2\/comments?post=98554"}],"version-history":[{"count":1,"href":"https:\/\/elinformanteperu.com\/index.php\/wp-json\/wp\/v2\/posts\/98554\/revisions"}],"predecessor-version":[{"id":98556,"href":"https:\/\/elinformanteperu.com\/index.php\/wp-json\/wp\/v2\/posts\/98554\/revisions\/98556"}],"wp:featuredmedia":[{"embeddable":true,"href":"https:\/\/elinformanteperu.com\/index.php\/wp-json\/wp\/v2\/media\/98555"}],"wp:attachment":[{"href":"https:\/\/elinformanteperu.com\/index.php\/wp-json\/wp\/v2\/media?parent=98554"}],"wp:term":[{"taxonomy":"category","embeddable":true,"href":"https:\/\/elinformanteperu.com\/index.php\/wp-json\/wp\/v2\/categories?post=98554"},{"taxonomy":"post_tag","embeddable":true,"href":"https:\/\/elinformanteperu.com\/index.php\/wp-json\/wp\/v2\/tags?post=98554"}],"curies":[{"name":"wp","href":"https:\/\/api.w.org\/{rel}","templated":true}]}}