{"id":98551,"date":"2021-05-25T00:28:05","date_gmt":"2021-05-25T05:28:05","guid":{"rendered":"https:\/\/elinformanteperu.com\/?p=98551"},"modified":"2021-05-25T00:28:05","modified_gmt":"2021-05-25T05:28:05","slug":"minsa-ins-confirma-presencia-de-variante-c-37-del-coronavirus-en-peru","status":"publish","type":"post","link":"https:\/\/elinformanteperu.com\/index.php\/2021\/05\/25\/minsa-ins-confirma-presencia-de-variante-c-37-del-coronavirus-en-peru\/","title":{"rendered":"Minsa: INS confirma presencia de variante C-37 del coronavirus en Per\u00fa"},"content":{"rendered":"<p><strong><span style=\"color: #000000;\">Esta tercera variante ser\u00eda la responsable del pico de la segunda ola, adelanta el ministro de Salud<\/span><\/strong><\/p>\n<p><span style=\"color: #000000;\"><strong>Lima, 24 Mayo, (ANDINA).-<\/strong> Desde abril pasado se ha confirmado la \u00abpresencia notoria\u00bb de una nueva variante del coronavirus en Per\u00fa: la C-37, con la cual suman tres las registradas en el pa\u00eds, anunci\u00f3 hoy el ministro de Salud, \u00d3scar Ugarte, quien se\u00f1al\u00f3 que podr\u00eda ser la responsable del pico de la segunda ola de la covid-19.<\/span><\/p>\n<p><span style=\"color: #000000;\">\u00abLos estudios que realiza el Instituto Nacional de Salud (INS) y el Centro de Epidemiolog\u00eda del Ministerio de Salud (Minsa) ha permitido confirmar la presencia de una nueva variante en el pa\u00eds: la C-37 [&#8230;]. A partir de abril se ha notado una presencia notoria\u00bb, afirm\u00f3 en conferencia de prensa.<\/span><\/p>\n<p><span style=\"color: #000000;\">Se trata de una variante \u00abde preocupaci\u00f3n\u00bb, producto de mutaciones, sostuvo al recordar que ya se hab\u00eda identificado otras dos: la P1 o brasile\u00f1a y la V-117 o inglesa, las cuales contin\u00faan circulando.<\/span><\/p>\n<p><span style=\"color: #000000;\">La variante brasile\u00f1a est\u00e1 en 17 de las 19 regiones evaluadas \u00aben un porcentaje de 60 % y 70 % en algunos casos y en otros en un promedio menor\u00bb.<\/span><\/p>\n<p><strong><span style=\"color: #000000;\">De inter\u00e9s<\/span><\/strong><\/p>\n<p><span style=\"color: #000000;\">\u00abLa C-37 se trata de una variante de inter\u00e9s porque ha logrado, en pocos meses, tener una presencia mayor de lo que inicialmente se ten\u00eda. El primer caso fue detectado en noviembre y hasta marzo se habr\u00eda diagnosticado solo 20 casos\u00bb, detall\u00f3.<\/span><\/p>\n<p><span style=\"color: #000000;\">Ugarte se\u00f1al\u00f3 que en un estudio desarrollado en abril \u00abs\u00ed se logra un diagn\u00f3stico m\u00e1s certero con una presencia predominante de la C-37 respecto de las anteriores; se necesita hacer estudios de laboratorio complementarios y observacionales del perfil cl\u00ednico\u00bb.<\/span><\/p>\n<p><strong><span style=\"color: #000000;\">Secuencia gen\u00f3mica<\/span><\/strong><\/p>\n<p><span style=\"color: #000000;\">\u00abEste linaje ha sido identificado en Estados Unidos, Chile, Brasil, Argentina, Ecuador, M\u00e9xico, Espa\u00f1a, Alemania, no solo en Per\u00fa. Se han estudiado 623 muestras procedentes de 19 regiones desde abril, mediante lo que se denomina la secuenciaci\u00f3n gen\u00f3mica, es decir, el an\u00e1lisis gen\u00f3mico en su composici\u00f3n, para determinar las variantes circulantes en la actualidad\u00bb, sostuvo.<\/span><\/p>\n<p><span style=\"color: #000000;\">El 80.7 % del total de muestras analizadas corresponden a la C-37; la brasile\u00f1a, que fue predominante en meses anteriores, sigue presente en el 11.7 %, la inglesa en el 1.9 % y otras variantes que suman un 5.7 %, detall\u00f3.<\/span><\/p>\n<p><span style=\"color: #000000;\">Ugarte indic\u00f3 que se hace un seguimiento, para conocer qu\u00e9 efectos produce esta nueva variante identificada en el territorio peruano y si es m\u00e1s letal que las otras.<\/span><\/p>\n<p><span style=\"color: #000000;\">\u00abProbablemente la C-37 es la causante del pico que durante la segunda ola hemos notado entre finales de marzo y abril. En su momento pensamos que era la P1, pero ahora se ve m\u00e1s claramente que se deber\u00eda a esta nueva variante\u00bb, remarc\u00f3.<\/span><\/p>\n<p><span style=\"color: #000000;\">En la conferencia de prensa ofrecida para dar a conocer las acciones que ejecuta el Gobierno para frenar la pandemia de la covid-19 tambi\u00e9n particip\u00f3 el ministro de Justicia y Derechos Humanos, Eduardo Vega Luna.<\/span><\/p>\n","protected":false},"excerpt":{"rendered":"<p>Esta tercera variante ser\u00eda la responsable del pico de la segunda ola, adelanta el ministro de Salud Lima, 24 Mayo, (ANDINA).- Desde abril pasado se ha confirmado la \u00abpresencia notoria\u00bb de una nueva variante del coronavirus en Per\u00fa: la C-37, con la cual suman tres las registradas en el pa\u00eds, anunci\u00f3 hoy el ministro de [&hellip;]<\/p>\n","protected":false},"author":1,"featured_media":98552,"comment_status":"closed","ping_status":"closed","sticky":false,"template":"","format":"standard","meta":{"rop_custom_images_group":[],"rop_custom_messages_group":[],"rop_publish_now":"initial","rop_publish_now_accounts":[],"rop_publish_now_history":[],"rop_publish_now_status":"pending","footnotes":""},"categories":[10,5745],"tags":[388,431,5779,5939],"class_list":["post-98551","post","type-post","status-publish","format-standard","has-post-thumbnail","hentry","category-actualidad-municipal","category-lo-ultimo","tag-ministerio-de-salud","tag-minsa","tag-oscar-ugarte","tag-vacunacion"],"_links":{"self":[{"href":"https:\/\/elinformanteperu.com\/index.php\/wp-json\/wp\/v2\/posts\/98551","targetHints":{"allow":["GET"]}}],"collection":[{"href":"https:\/\/elinformanteperu.com\/index.php\/wp-json\/wp\/v2\/posts"}],"about":[{"href":"https:\/\/elinformanteperu.com\/index.php\/wp-json\/wp\/v2\/types\/post"}],"author":[{"embeddable":true,"href":"https:\/\/elinformanteperu.com\/index.php\/wp-json\/wp\/v2\/users\/1"}],"replies":[{"embeddable":true,"href":"https:\/\/elinformanteperu.com\/index.php\/wp-json\/wp\/v2\/comments?post=98551"}],"version-history":[{"count":1,"href":"https:\/\/elinformanteperu.com\/index.php\/wp-json\/wp\/v2\/posts\/98551\/revisions"}],"predecessor-version":[{"id":98553,"href":"https:\/\/elinformanteperu.com\/index.php\/wp-json\/wp\/v2\/posts\/98551\/revisions\/98553"}],"wp:featuredmedia":[{"embeddable":true,"href":"https:\/\/elinformanteperu.com\/index.php\/wp-json\/wp\/v2\/media\/98552"}],"wp:attachment":[{"href":"https:\/\/elinformanteperu.com\/index.php\/wp-json\/wp\/v2\/media?parent=98551"}],"wp:term":[{"taxonomy":"category","embeddable":true,"href":"https:\/\/elinformanteperu.com\/index.php\/wp-json\/wp\/v2\/categories?post=98551"},{"taxonomy":"post_tag","embeddable":true,"href":"https:\/\/elinformanteperu.com\/index.php\/wp-json\/wp\/v2\/tags?post=98551"}],"curies":[{"name":"wp","href":"https:\/\/api.w.org\/{rel}","templated":true}]}}