{"id":98545,"date":"2021-05-25T00:20:33","date_gmt":"2021-05-25T05:20:33","guid":{"rendered":"https:\/\/elinformanteperu.com\/?p=98545"},"modified":"2021-05-25T00:20:33","modified_gmt":"2021-05-25T05:20:33","slug":"ministro-ugarte-el-31-de-mayo-empezara-vacunacion-de-ciudadanos-de-60-a-64-anos","status":"publish","type":"post","link":"https:\/\/elinformanteperu.com\/index.php\/2021\/05\/25\/ministro-ugarte-el-31-de-mayo-empezara-vacunacion-de-ciudadanos-de-60-a-64-anos\/","title":{"rendered":"Ministro Ugarte: \u00abEl 31 de mayo empezar\u00e1 vacunaci\u00f3n de ciudadanos de 60 a 64 a\u00f1os\u00bb"},"content":{"rendered":"<p><strong><span style=\"color: #000000;\">Se har\u00e1 de forma \u00abfraccionada\u00bb para evitar aglomeraciones<\/span><\/strong><\/p>\n<p><span style=\"color: #000000;\"><strong>Lima, 24 Mayo, (ANDINA).<\/strong>&#8211; El 31 de mayo empezar\u00e1 la inmunizaci\u00f3n contra la covid-19 de los ciudadanos de 60 a 64 a\u00f1os y se har\u00e1 de forma \u00abfraccionada\u00bb para evitar aglomeraciones en los centros de vacunaci\u00f3n, anunci\u00f3 el ministro de Salud, \u00d3scar Ugarte.<\/span><\/p>\n<p><span style=\"color: #000000;\">En la conferencia de prensa ofrecida desde la sede de la Presidencia del Consejo de Ministros (PCM), dijo que se incorporar\u00e1n otras comorbilidades; para cumplir la tarea se ha fortalecido los centros de vacunaci\u00f3n \u2014en Lima existen 62\u2014 y las brigadas a cargo de la inoculaci\u00f3n.<\/span><\/p>\n<p><span style=\"color: #000000;\">Adem\u00e1s, Ugarte se\u00f1al\u00f3 que en julio se prev\u00e9 empezar la vacunaci\u00f3n del grupo correspondiente a 50 a\u00f1os a m\u00e1s. \u00abYa tenemos pr\u00e1cticamente el calendario del pr\u00f3ximo semestre; por eso, en algunas semanas anunciaremos el cronograma [de vacunaci\u00f3n] de todos en el pa\u00eds hasta diciembre\u00bb, subray\u00f3.<\/span><\/p>\n<p><span style=\"color: #000000;\">En otro momento, el titular del Ministerio de Salud (Minsa) inform\u00f3 que en los pr\u00f3ximos d\u00edas se recibir\u00e1n 510,000 dosis de la vacuna AstraZeneca y la tercera semana de junio, otras 510,000. \u00abSemanas atr\u00e1s llegaron 276,000 y restaban un mill\u00f3n 20,000\u00bb, record\u00f3.<\/span><\/p>\n<p><span style=\"color: #000000;\">Manifest\u00f3 que por un nuevo convenio suscrito con Sinopharm se recibir\u00e1, en los pr\u00f3ximos d\u00edas, un mill\u00f3n de vacunas, \u00abpor lo tanto, vamos a tener una cantidad muy amplia, suficiente para lo que resta de mayo y todo junio\u00bb.<\/span><\/p>\n<p><span style=\"color: #000000;\">Esta noche lleg\u00f3 un lote de 396,630 dosis en un vuelo de KLM y el jueves se recibir\u00e1 una cantidad similar, es decir, esta semana se tendr\u00e1 cerca de 800,000 dosis de Pfizer, que \u00abnos permite seguir ampliando el proceso de vacunaci\u00f3n\u00bb.<\/span><\/p>\n<p><strong><span style=\"color: #000000;\">Tendencia a la baja<\/span><\/strong><\/p>\n<p><span style=\"color: #000000;\">El ministro de Salud afirm\u00f3 hoy que se mantiene \u00abla tendencia a la baja de nuevos casos y fallecidos\u00bb por la covid-19 en el pa\u00eds, salvo excepciones como la regi\u00f3n Arequipa, adonde se enviar\u00e1 brigadas m\u00e9dicas, equipamiento y medicinas, con el fin de fortalecer la capacidad de respuesta.<\/span><\/p>\n<p><span style=\"color: #000000;\">\u00abLa evaluaci\u00f3n sobre la pandemia sigue siendo positiva, es decir, se mantiene la tendencia a la baja de nuevos casos y fallecidos, aunque en algunas regiones no necesariamente es as\u00ed\u00bb, se\u00f1al\u00f3.<\/span><\/p>\n<p><span style=\"color: #000000;\">Tambi\u00e9n revel\u00f3 que desde abril pasado se ha confirmado la \u00abpresencia notoria\u00bb de una nueva variante del coronavirus en Per\u00fa: la C-37, que podr\u00eda ser la responsable del pico de la segunda ola de la covid-19.<\/span><\/p>\n<p><span style=\"color: #000000;\">\u00abLos estudios que realiza el Instituto Nacional de Salud (INS) y el Centro de Epidemiolog\u00eda del Ministerio de Salud ha permitido confirmar la presencia de una nueva variante en el pa\u00eds: la C-37 [&#8230;]. A partir de abril se ha notado una presencia notoria\u00bb, puntualiz\u00f3.<\/span><\/p>\n","protected":false},"excerpt":{"rendered":"<p>Se har\u00e1 de forma \u00abfraccionada\u00bb para evitar aglomeraciones Lima, 24 Mayo, (ANDINA).&#8211; El 31 de mayo empezar\u00e1 la inmunizaci\u00f3n contra la covid-19 de los ciudadanos de 60 a 64 a\u00f1os y se har\u00e1 de forma \u00abfraccionada\u00bb para evitar aglomeraciones en los centros de vacunaci\u00f3n, anunci\u00f3 el ministro de Salud, \u00d3scar Ugarte. En la conferencia de [&hellip;]<\/p>\n","protected":false},"author":1,"featured_media":97707,"comment_status":"closed","ping_status":"closed","sticky":false,"template":"","format":"standard","meta":{"rop_custom_images_group":[],"rop_custom_messages_group":[],"rop_publish_now":"initial","rop_publish_now_accounts":[],"rop_publish_now_history":[],"rop_publish_now_status":"pending","footnotes":""},"categories":[10],"tags":[388,431,5779,5939],"class_list":["post-98545","post","type-post","status-publish","format-standard","has-post-thumbnail","hentry","category-actualidad-municipal","tag-ministerio-de-salud","tag-minsa","tag-oscar-ugarte","tag-vacunacion"],"_links":{"self":[{"href":"https:\/\/elinformanteperu.com\/index.php\/wp-json\/wp\/v2\/posts\/98545","targetHints":{"allow":["GET"]}}],"collection":[{"href":"https:\/\/elinformanteperu.com\/index.php\/wp-json\/wp\/v2\/posts"}],"about":[{"href":"https:\/\/elinformanteperu.com\/index.php\/wp-json\/wp\/v2\/types\/post"}],"author":[{"embeddable":true,"href":"https:\/\/elinformanteperu.com\/index.php\/wp-json\/wp\/v2\/users\/1"}],"replies":[{"embeddable":true,"href":"https:\/\/elinformanteperu.com\/index.php\/wp-json\/wp\/v2\/comments?post=98545"}],"version-history":[{"count":1,"href":"https:\/\/elinformanteperu.com\/index.php\/wp-json\/wp\/v2\/posts\/98545\/revisions"}],"predecessor-version":[{"id":98546,"href":"https:\/\/elinformanteperu.com\/index.php\/wp-json\/wp\/v2\/posts\/98545\/revisions\/98546"}],"wp:featuredmedia":[{"embeddable":true,"href":"https:\/\/elinformanteperu.com\/index.php\/wp-json\/wp\/v2\/media\/97707"}],"wp:attachment":[{"href":"https:\/\/elinformanteperu.com\/index.php\/wp-json\/wp\/v2\/media?parent=98545"}],"wp:term":[{"taxonomy":"category","embeddable":true,"href":"https:\/\/elinformanteperu.com\/index.php\/wp-json\/wp\/v2\/categories?post=98545"},{"taxonomy":"post_tag","embeddable":true,"href":"https:\/\/elinformanteperu.com\/index.php\/wp-json\/wp\/v2\/tags?post=98545"}],"curies":[{"name":"wp","href":"https:\/\/api.w.org\/{rel}","templated":true}]}}