{"id":98433,"date":"2021-05-23T15:44:49","date_gmt":"2021-05-23T20:44:49","guid":{"rendered":"https:\/\/elinformanteperu.com\/?p=98433"},"modified":"2021-05-23T15:57:12","modified_gmt":"2021-05-23T20:57:12","slug":"seis-exejecutivos-de-aenza-recibiran-sancion-penal-informa-procuradora","status":"publish","type":"post","link":"https:\/\/elinformanteperu.com\/index.php\/2021\/05\/23\/seis-exejecutivos-de-aenza-recibiran-sancion-penal-informa-procuradora\/","title":{"rendered":"Seis exejecutivos de Aenza recibir\u00e1n sanci\u00f3n penal, informa procuradora"},"content":{"rendered":"<p><span style=\"color: #000000;\"><strong>Lima, 22 Mayo, (ANDINA).-<\/strong> La procuradora ad hoc para el caso Lava Jato, Silvana Carri\u00f3n, inform\u00f3 que seis exejecutivos de la empresa Aenza, antes Gra\u00f1a y Montero, recibir\u00e1n sanci\u00f3n penal y se les impondr\u00e1n algunas restricciones sobre sus actividades.<\/span><\/p>\n<p><span style=\"color: #000000;\">\u00abEstos seis exejecutivos de la compa\u00f1\u00eda que forman parte de la colaboraci\u00f3n eficaz corporativa van a recibir una sanci\u00f3n penal en el marco de la colaboraci\u00f3n eficaz, cuando esto se someta a la aprobaci\u00f3n eficaz, habr\u00e1 una sentencia condenatoria contra estos exejecutivos y tambi\u00e9n algunas restricciones sobre actividades que no podr\u00e1n realizar\u00bb, dijo en Canal N.<\/span><\/p>\n<p><span style=\"color: #000000;\">Asimismo, explic\u00f3 que la compa\u00f1\u00eda Aenza tendr\u00e1 restricciones comerciales y ser\u00e1 inhabilitada para contratar con el Estado, por un plazo que la fiscal\u00eda imponga.<\/span><\/p>\n<p><span style=\"color: #000000;\">Carri\u00f3n indic\u00f3 que el Ministerio P\u00fablico y la Procuradur\u00eda Ad Hoc del caso Lava Jato suscribieron en la v\u00edspera un acuerdo preparatorio de colaboraci\u00f3n eficaz con la empresa Aenza, donde esta reconoce la comisi\u00f3n de delitos de corrupci\u00f3n en 16 proyectos de infraestructura, as\u00ed como su participaci\u00f3n en 48 obras en el marco del Club de la Construcci\u00f3n.<\/span><\/p>\n<p><span style=\"color: #000000;\">\u00abSe trata de un acuerdo grande, integral e importante en t\u00e9rminos penales y civiles tambi\u00e9n\u00bb, manifest\u00f3.<\/span><\/p>\n<p><span style=\"color: #000000;\">La procuradora agreg\u00f3 que el acuerdo incluye una cl\u00e1usula en la que la empresa se compromete a no iniciar procesos arbitrales, judiciales o administrativos contra el Estado, en sede nacional o internacional, por los proyectos que forman parte del convenio.<\/span><\/p>\n<p><span style=\"color: #000000;\">En ese sentido, asegur\u00f3 que la compa\u00f1\u00eda se desisti\u00f3 de continuar con dos arbitrajes entablados contra el Gobierno Regional de Cusco y renunci\u00f3 a cobrar cualquier concepto en el marco de la terminaci\u00f3n del contrato de concesi\u00f3n de la V\u00eda Expresa Sur, suscrito con la Municipalidad Metropolitana de Lima.<\/span><\/p>\n<p><span style=\"color: #000000;\">De igual modo, se suma el desistimiento a la solicitud de arbitraje que la empresa present\u00f3 ante el Centro Internacional de Arreglo de Diferencias relativas a Inversiones (Ciadi) por el Gasoducto Sur Peruano.<\/span><\/p>\n","protected":false},"excerpt":{"rendered":"<p>Lima, 22 Mayo, (ANDINA).- La procuradora ad hoc para el caso Lava Jato, Silvana Carri\u00f3n, inform\u00f3 que seis exejecutivos de la empresa Aenza, antes Gra\u00f1a y Montero, recibir\u00e1n sanci\u00f3n penal y se les impondr\u00e1n algunas restricciones sobre sus actividades. \u00abEstos seis exejecutivos de la compa\u00f1\u00eda que forman parte de la colaboraci\u00f3n eficaz corporativa van a [&hellip;]<\/p>\n","protected":false},"author":1,"featured_media":54740,"comment_status":"closed","ping_status":"closed","sticky":false,"template":"","format":"standard","meta":{"rop_custom_images_group":[],"rop_custom_messages_group":[],"rop_publish_now":"initial","rop_publish_now_accounts":[],"rop_publish_now_history":[],"rop_publish_now_status":"pending","footnotes":""},"categories":[5,5745],"tags":[6523,656,4738],"class_list":["post-98433","post","type-post","status-publish","format-standard","has-post-thumbnail","hentry","category-actualidad-informativa","category-lo-ultimo","tag-aenza","tag-lava-jato","tag-silvana-carrion"],"_links":{"self":[{"href":"https:\/\/elinformanteperu.com\/index.php\/wp-json\/wp\/v2\/posts\/98433","targetHints":{"allow":["GET"]}}],"collection":[{"href":"https:\/\/elinformanteperu.com\/index.php\/wp-json\/wp\/v2\/posts"}],"about":[{"href":"https:\/\/elinformanteperu.com\/index.php\/wp-json\/wp\/v2\/types\/post"}],"author":[{"embeddable":true,"href":"https:\/\/elinformanteperu.com\/index.php\/wp-json\/wp\/v2\/users\/1"}],"replies":[{"embeddable":true,"href":"https:\/\/elinformanteperu.com\/index.php\/wp-json\/wp\/v2\/comments?post=98433"}],"version-history":[{"count":2,"href":"https:\/\/elinformanteperu.com\/index.php\/wp-json\/wp\/v2\/posts\/98433\/revisions"}],"predecessor-version":[{"id":98442,"href":"https:\/\/elinformanteperu.com\/index.php\/wp-json\/wp\/v2\/posts\/98433\/revisions\/98442"}],"wp:featuredmedia":[{"embeddable":true,"href":"https:\/\/elinformanteperu.com\/index.php\/wp-json\/wp\/v2\/media\/54740"}],"wp:attachment":[{"href":"https:\/\/elinformanteperu.com\/index.php\/wp-json\/wp\/v2\/media?parent=98433"}],"wp:term":[{"taxonomy":"category","embeddable":true,"href":"https:\/\/elinformanteperu.com\/index.php\/wp-json\/wp\/v2\/categories?post=98433"},{"taxonomy":"post_tag","embeddable":true,"href":"https:\/\/elinformanteperu.com\/index.php\/wp-json\/wp\/v2\/tags?post=98433"}],"curies":[{"name":"wp","href":"https:\/\/api.w.org\/{rel}","templated":true}]}}