{"id":98424,"date":"2021-05-23T15:33:42","date_gmt":"2021-05-23T20:33:42","guid":{"rendered":"https:\/\/elinformanteperu.com\/?p=98424"},"modified":"2021-05-23T15:36:33","modified_gmt":"2021-05-23T20:36:33","slug":"proceso-de-transferencia-al-proximo-gobierno-sera-transparente-asegura-presidente","status":"publish","type":"post","link":"https:\/\/elinformanteperu.com\/index.php\/2021\/05\/23\/proceso-de-transferencia-al-proximo-gobierno-sera-transparente-asegura-presidente\/","title":{"rendered":"Proceso de transferencia al pr\u00f3ximo gobierno ser\u00e1 transparente, asegura Presidente"},"content":{"rendered":"<p><span style=\"color: #000000;\"><strong>Lima, 22 Mayo, (ANDINA).-<\/strong> El presidente Francisco Sagasti asegur\u00f3 que el proceso de transferencia al pr\u00f3ximo gobierno ser\u00e1 transparente.<\/span><\/p>\n<p><span style=\"color: #000000;\">En entrevista con RPP explic\u00f3 que los procedimientos de transferencia est\u00e1n claramente establecidos, y hay normas espec\u00edficas que definen, por ejemplo, que debe haber un equipo del candidato elegido y del actual Ejecutivo.<\/span><\/p>\n<p><span style=\"color: #000000;\">\u00abPero queremos hacer dos cosas adicionales: en primer lugar, hacerlo lo m\u00e1s transparente posible, que se sepa exactamente lo que le estamos dejando\u00bb, manifest\u00f3 el Mandatario.<\/span><\/p>\n<p><span style=\"color: #000000;\">Record\u00f3 que estas cosas, usualmente, se han hecho medio en secreto, pero su gesti\u00f3n no tiene nada que ocultar y lo que se quiere es que la ciudadan\u00eda conozca c\u00f3mo se hace la transferencia.<\/span><\/p>\n<p><span style=\"color: #000000;\">Adem\u00e1s, dijo el Jefe del Estado, desde el 7 de junio (un d\u00eda despu\u00e9s de la segunda vuelta) la persona responsable del proceso de transferencia estar\u00eda ya trabajando.<\/span><\/p>\n<p><span style=\"color: #000000;\">En salud, mencion\u00f3 que se tiene un proceso de vacunaci\u00f3n y un protocolo claro y establecido, as\u00ed como un trabajo realizado en materia de ox\u00edgeno, que hay que renovar y continuar luego de haber quintuplicado dicho elemento en beneficio de la poblaci\u00f3n afectada por el covid-19.<\/span><\/p>\n<p><span style=\"color: #000000;\">Asimismo, consider\u00f3 importante anticipar qu\u00e9 podr\u00eda suceder en una eventual tercera ola y la necesidad de estar preparados, por ejemplo, con m\u00e1s camas UCI.<\/span><\/p>\n<p><span style=\"color: #000000;\">\u00abComo Jefe del Estado quiero transmitir al nuevo presidente qu\u00e9 es lo que habr\u00eda que hacer y continuar en camas UCI, que hemos casi duplicado. La ciudadan\u00eda debe saber que en el mundo entero hay escasez de vacunas, ox\u00edgeno y camas UCI\u00bb, coment\u00f3 Sagasti Hochhausler.<\/span><\/p>\n<p><span style=\"color: #000000;\">De igual forma, dijo que se ha avanzado significativamente en el corto tiempo de su gesti\u00f3n, y en funci\u00f3n al trabajo en equipo, en campos como transporte, desarrollo e inclusi\u00f3n social, comercio exterior y turismo y justicia.<\/span><\/p>\n<p><span style=\"color: #000000;\">\u00abDejaremos no solo un estado de la situaci\u00f3n, sino tambi\u00e9n procesos en marcha que, espero, el pr\u00f3ximo gobierno contin\u00fae\u00bb, enfatiz\u00f3.<\/span><\/p>\n","protected":false},"excerpt":{"rendered":"<p>Lima, 22 Mayo, (ANDINA).- El presidente Francisco Sagasti asegur\u00f3 que el proceso de transferencia al pr\u00f3ximo gobierno ser\u00e1 transparente. En entrevista con RPP explic\u00f3 que los procedimientos de transferencia est\u00e1n claramente establecidos, y hay normas espec\u00edficas que definen, por ejemplo, que debe haber un equipo del candidato elegido y del actual Ejecutivo. \u00abPero queremos hacer [&hellip;]<\/p>\n","protected":false},"author":1,"featured_media":98425,"comment_status":"closed","ping_status":"closed","sticky":false,"template":"","format":"standard","meta":{"rop_custom_images_group":[],"rop_custom_messages_group":[],"rop_publish_now":"initial","rop_publish_now_accounts":[],"rop_publish_now_history":[],"rop_publish_now_status":"pending","footnotes":""},"categories":[5],"tags":[6466,5263],"class_list":["post-98424","post","type-post","status-publish","format-standard","has-post-thumbnail","hentry","category-actualidad-informativa","tag-elecciones-segunda-vuelta-2021","tag-francisco-sagasti"],"_links":{"self":[{"href":"https:\/\/elinformanteperu.com\/index.php\/wp-json\/wp\/v2\/posts\/98424","targetHints":{"allow":["GET"]}}],"collection":[{"href":"https:\/\/elinformanteperu.com\/index.php\/wp-json\/wp\/v2\/posts"}],"about":[{"href":"https:\/\/elinformanteperu.com\/index.php\/wp-json\/wp\/v2\/types\/post"}],"author":[{"embeddable":true,"href":"https:\/\/elinformanteperu.com\/index.php\/wp-json\/wp\/v2\/users\/1"}],"replies":[{"embeddable":true,"href":"https:\/\/elinformanteperu.com\/index.php\/wp-json\/wp\/v2\/comments?post=98424"}],"version-history":[{"count":2,"href":"https:\/\/elinformanteperu.com\/index.php\/wp-json\/wp\/v2\/posts\/98424\/revisions"}],"predecessor-version":[{"id":98430,"href":"https:\/\/elinformanteperu.com\/index.php\/wp-json\/wp\/v2\/posts\/98424\/revisions\/98430"}],"wp:featuredmedia":[{"embeddable":true,"href":"https:\/\/elinformanteperu.com\/index.php\/wp-json\/wp\/v2\/media\/98425"}],"wp:attachment":[{"href":"https:\/\/elinformanteperu.com\/index.php\/wp-json\/wp\/v2\/media?parent=98424"}],"wp:term":[{"taxonomy":"category","embeddable":true,"href":"https:\/\/elinformanteperu.com\/index.php\/wp-json\/wp\/v2\/categories?post=98424"},{"taxonomy":"post_tag","embeddable":true,"href":"https:\/\/elinformanteperu.com\/index.php\/wp-json\/wp\/v2\/tags?post=98424"}],"curies":[{"name":"wp","href":"https:\/\/api.w.org\/{rel}","templated":true}]}}