{"id":98422,"date":"2021-05-23T15:30:19","date_gmt":"2021-05-23T20:30:19","guid":{"rendered":"https:\/\/elinformanteperu.com\/?p=98422"},"modified":"2021-05-23T15:30:19","modified_gmt":"2021-05-23T20:30:19","slug":"presidente-sagasti-anuncia-nuevos-programas-de-reactivacion-economica","status":"publish","type":"post","link":"https:\/\/elinformanteperu.com\/index.php\/2021\/05\/23\/presidente-sagasti-anuncia-nuevos-programas-de-reactivacion-economica\/","title":{"rendered":"Presidente Sagasti anuncia nuevos programas de reactivaci\u00f3n econ\u00f3mica"},"content":{"rendered":"<p><strong><span style=\"color: #000000;\">En beneficio de personas afectadas por pandemia<\/span><\/strong><\/p>\n<p><span style=\"color: #000000;\"><strong>Lima, 22 Mayo, (ANDINA).-<\/strong> El Presidente de la Rep\u00fablica, Francisco Sagasti, anunci\u00f3 una serie de programas de reactivaci\u00f3n econ\u00f3mica, los cuales se presentar\u00edan la pr\u00f3xima semana y estar\u00edan enfocados en beneficiar a las personas que m\u00e1s sufrieron con la pandemia del covid-19.<\/span><\/p>\n<p><span style=\"color: #000000;\">\u00abEstamos viendo con el ministro de Econom\u00eda, que tiene sensibilidad social para mantener la pol\u00edtica fiscal, algo que mencionaremos muy pronto, que son una serie de programas, algunos ya en marcha y otros que est\u00e1n para aprobarse la pr\u00f3xima semana, que ayudan a reactivar la econom\u00eda, focaliz\u00e1ndose especialmente en los que m\u00e1s sufrieron con la pandemia\u00bb, se\u00f1al\u00f3.<\/span><\/p>\n<p><span style=\"color: #000000;\">En declaraciones a RPP refiri\u00f3 que se ver\u00e1n temas como el acceso del seguro de salud para todas las personas, teniendo en cuenta las cifras altas de personas que fallecieron por la falta de esta herramienta para atenderse en las diferentes instituciones sanitarias del pa\u00eds.<\/span><\/p>\n<p><span style=\"color: #000000;\">\u00ab\u00bfQu\u00e9 se ha hecho? Inmediatamente un decreto de urgencia para ampliar el Seguro Integral de Salud para todos, no solo para los que no lo tienen ahora, porque ahora hay m\u00e1s de 250 millones para eso. Pero incluso, hay 23 millones de soles para incorporar y darles DNI a quienes no lo tienen y as\u00ed se puedan beneficiar\u00bb, se\u00f1al\u00f3.<\/span><\/p>\n<p><strong><span style=\"color: #000000;\">Carretera y fibra \u00f3ptica<\/span><\/strong><\/p>\n<p><span style=\"color: #000000;\">Respecto a la nueva carretera Central Daniel Alcides Carri\u00f3n precis\u00f3 que esta tendr\u00e1 cuatro carriles, viaductos y se evitar\u00e1 pasar por m\u00e1s de 4,000 metros de altura, adem\u00e1s de contar con un trazo distinto al actual.<\/span><\/p>\n<p><span style=\"color: #000000;\">\u00abQuiero aclarar una cosa, porque han salido economistas a decir que es un dispendio, que se pod\u00eda hacer una cosa distinta; en el presupuesto anterior no solo estaba la carretera Central, sino la L\u00ednea 3 y la 4 del Metro, (&#8230;) hemos dejado estas l\u00edneas para que el pr\u00f3ximo gobierno decida y nos concentramos en lo que importa al pa\u00eds y por el impacto econ\u00f3mico que generar\u00e1 esta carretera\u00bb, dijo.<\/span><\/p>\n<p><span style=\"color: #000000;\">En cuanto a la red dorsal de fibra \u00f3ptica, se\u00f1al\u00f3 que se est\u00e1 realizando un proceso dilatado y largo para resolver el actual contrato por un inter\u00e9s nacional, siendo que se analizar\u00e1 si se contrata a un nuevo operador o el propio Estado lo administra.<\/span><\/p>\n<p><span style=\"color: #000000;\">Sostuvo que el contrato suscrito con el actual operador no anticip\u00f3 los cambios tecnol\u00f3gicos y que genera que el Estado pague m\u00e1s de 100 millones de soles anuales por el uso que se le da a esta red, \u00abque solo llega al 3 por ciento de su capacidad\u00bb.<\/span><\/p>\n<p><strong><span style=\"color: #000000;\">Moody&#8217;s<\/span><\/strong><\/p>\n<p><span style=\"color: #000000;\">Sobre la opini\u00f3n de la calificadora de riesgo Moody&#8217;s, el Mandatario se\u00f1al\u00f3 que esta mencion\u00f3 que cambiar\u00e1 la perspectiva del Per\u00fa de estable a negativa, lo que es la perspectiva \u00abdebido a un deterioro de factores institucionales y de gobernanza\u00bb.<\/span><\/p>\n<p><span style=\"color: #000000;\">\u00abEst\u00e1 diciendo que las tensiones pol\u00edticas entre el Poder Ejecutivo y el Legislativo han deteriorado la institucionalidad y la gobernanza del pa\u00eds, algo que hemos dicho que estamos tratando de restablecer la confianza con reuniones peri\u00f3dicas y trato cordial con la presidenta del Congreso\u00bb, asegur\u00f3.<\/span><\/p>\n<p><span style=\"color: #000000;\">No obstante, agreg\u00f3, Moody&#8217;s ratifica la clasificaci\u00f3n crediticia en A3, debido principalmente a las fortalezas fiscales del pa\u00eds.<\/span><\/p>\n<p><span style=\"color: #000000;\">\u00abEn otras palabras, estamos bien y tienen confianza en nosotros, pero ven nubarrones en el futuro\u00bb, explic\u00f3.<\/span><\/p>\n","protected":false},"excerpt":{"rendered":"<p>En beneficio de personas afectadas por pandemia Lima, 22 Mayo, (ANDINA).- El Presidente de la Rep\u00fablica, Francisco Sagasti, anunci\u00f3 una serie de programas de reactivaci\u00f3n econ\u00f3mica, los cuales se presentar\u00edan la pr\u00f3xima semana y estar\u00edan enfocados en beneficiar a las personas que m\u00e1s sufrieron con la pandemia del covid-19. \u00abEstamos viendo con el ministro de [&hellip;]<\/p>\n","protected":false},"author":1,"featured_media":94749,"comment_status":"closed","ping_status":"closed","sticky":false,"template":"","format":"standard","meta":{"rop_custom_images_group":[],"rop_custom_messages_group":[],"rop_publish_now":"initial","rop_publish_now_accounts":[],"rop_publish_now_history":[],"rop_publish_now_status":"pending","footnotes":""},"categories":[5],"tags":[5364,5263],"class_list":["post-98422","post","type-post","status-publish","format-standard","has-post-thumbnail","hentry","category-actualidad-informativa","tag-covid-19","tag-francisco-sagasti"],"_links":{"self":[{"href":"https:\/\/elinformanteperu.com\/index.php\/wp-json\/wp\/v2\/posts\/98422","targetHints":{"allow":["GET"]}}],"collection":[{"href":"https:\/\/elinformanteperu.com\/index.php\/wp-json\/wp\/v2\/posts"}],"about":[{"href":"https:\/\/elinformanteperu.com\/index.php\/wp-json\/wp\/v2\/types\/post"}],"author":[{"embeddable":true,"href":"https:\/\/elinformanteperu.com\/index.php\/wp-json\/wp\/v2\/users\/1"}],"replies":[{"embeddable":true,"href":"https:\/\/elinformanteperu.com\/index.php\/wp-json\/wp\/v2\/comments?post=98422"}],"version-history":[{"count":1,"href":"https:\/\/elinformanteperu.com\/index.php\/wp-json\/wp\/v2\/posts\/98422\/revisions"}],"predecessor-version":[{"id":98423,"href":"https:\/\/elinformanteperu.com\/index.php\/wp-json\/wp\/v2\/posts\/98422\/revisions\/98423"}],"wp:featuredmedia":[{"embeddable":true,"href":"https:\/\/elinformanteperu.com\/index.php\/wp-json\/wp\/v2\/media\/94749"}],"wp:attachment":[{"href":"https:\/\/elinformanteperu.com\/index.php\/wp-json\/wp\/v2\/media?parent=98422"}],"wp:term":[{"taxonomy":"category","embeddable":true,"href":"https:\/\/elinformanteperu.com\/index.php\/wp-json\/wp\/v2\/categories?post=98422"},{"taxonomy":"post_tag","embeddable":true,"href":"https:\/\/elinformanteperu.com\/index.php\/wp-json\/wp\/v2\/tags?post=98422"}],"curies":[{"name":"wp","href":"https:\/\/api.w.org\/{rel}","templated":true}]}}