{"id":98419,"date":"2021-05-23T15:27:25","date_gmt":"2021-05-23T20:27:25","guid":{"rendered":"https:\/\/elinformanteperu.com\/?p=98419"},"modified":"2021-05-23T15:28:13","modified_gmt":"2021-05-23T20:28:13","slug":"vocera-de-peru-libre-descarta-injerencias-en-eventual-gobierno-de-castillo","status":"publish","type":"post","link":"https:\/\/elinformanteperu.com\/index.php\/2021\/05\/23\/vocera-de-peru-libre-descarta-injerencias-en-eventual-gobierno-de-castillo\/","title":{"rendered":"Vocera de Per\u00fa Libre descarta injerencias en eventual gobierno de Castillo"},"content":{"rendered":"<p><strong><span style=\"color: #000000;\">Betsy Ch\u00e1vez cuestiona viaje de Keiko Fujimori para buscar a Cerr\u00f3n<\/span><\/strong><\/p>\n<p><span style=\"color: #000000;\"><strong>Lima, 22 Mayo, (ANDINA).-<\/strong> La vocera de la virtual bancada parlamentaria del partido Per\u00fa Libre, Betsy Ch\u00e1vez, dijo que su nombramiento fue fruto de tres d\u00edas de reuni\u00f3n y se\u00f1al\u00f3 que, de ganar las elecciones presidenciales, el encargado de tomar decisiones ser\u00e1 Pedro Castillo.<\/span><\/p>\n<p><span style=\"color: #000000;\">La congresista electa indic\u00f3 que la parte org\u00e1nica del partido la ve el secretario general, Vladimir Cerr\u00f3n, y la campa\u00f1a electoral se ve con el candidato Pedro Castillo.<\/span><\/p>\n<p><span style=\"color: #000000;\">En declaraciones a RPP, Ch\u00e1vez indic\u00f3 que el Comit\u00e9 Ejecutivo Nacional de Per\u00fa Libre tambi\u00e9n toma conocimiento de las acciones a seguir.<\/span><\/p>\n<p><span style=\"color: #000000;\">\u201cQuien va a gobernar es el profesor Pedro Castillo; nosotros en Per\u00fa Libre lo apoyamos\u201d, enfatiz\u00f3. \u201cEl que va a gobernar es \u00e9l y \u00e9l designar\u00e1 al gabinete\u201d, subray\u00f3 m\u00e1s adelante.<\/span><\/p>\n<p><span style=\"color: #000000;\">Al consult\u00e1rsele sobre las afirmaciones que en sentido contrario lanzara la candidata presidencial por Fuerza Popular, Keiko Fujimori, Ch\u00e1vez estim\u00f3 que \u201cella proviene de una dinast\u00eda, por lo que no entiende que en un partido pol\u00edtico no hay un jefe, sino una organizaci\u00f3n que se respeta\u201d.<\/span><\/p>\n<p><span style=\"color: #000000;\">En ese contexto, afirm\u00f3 que el viaje de Fujimori a Huancayo, programado para hoy, a fin de \u201cbuscar\u201d a Cerr\u00f3n, implica que la aspirante a la Presidencia \u201cno est\u00e1 buscando con qui\u00e9n debatir, sino con qui\u00e9n pelear\u201d.<\/span><\/p>\n<p><span style=\"color: #000000;\">\u201cEs lamentable el tema confrontacional que no supera el fujimorismo\u201d, dijo la parlamentaria electa. Se\u00f1al\u00f3 que esta posici\u00f3n se ve graficada en la designaci\u00f3n de miembros de su equipo t\u00e9cnico que, en su momento, \u201cavalaron al fujimontesinismo\u201d.<\/span><\/p>\n<p><span style=\"color: #000000;\">Ch\u00e1vez, congresista electa por Tacna, fue designada vocera de la futura bancada de Per\u00fa Libre en una reuni\u00f3n partidaria que se prolong\u00f3 tres d\u00edas. Como vocero alterno fue designado Bernardo Quito, parlamentario electo por Arequipa.<\/span><\/p>\n","protected":false},"excerpt":{"rendered":"<p>Betsy Ch\u00e1vez cuestiona viaje de Keiko Fujimori para buscar a Cerr\u00f3n Lima, 22 Mayo, (ANDINA).- La vocera de la virtual bancada parlamentaria del partido Per\u00fa Libre, Betsy Ch\u00e1vez, dijo que su nombramiento fue fruto de tres d\u00edas de reuni\u00f3n y se\u00f1al\u00f3 que, de ganar las elecciones presidenciales, el encargado de tomar decisiones ser\u00e1 Pedro Castillo. [&hellip;]<\/p>\n","protected":false},"author":1,"featured_media":98420,"comment_status":"closed","ping_status":"closed","sticky":false,"template":"","format":"standard","meta":{"rop_custom_images_group":[],"rop_custom_messages_group":[],"rop_publish_now":"initial","rop_publish_now_accounts":[],"rop_publish_now_history":[],"rop_publish_now_status":"pending","footnotes":""},"categories":[5],"tags":[6526,6466,2092,5006],"class_list":["post-98419","post","type-post","status-publish","format-standard","has-post-thumbnail","hentry","category-actualidad-informativa","tag-betsy-chavez","tag-elecciones-segunda-vuelta-2021","tag-pedro-castillo","tag-peru-libre"],"_links":{"self":[{"href":"https:\/\/elinformanteperu.com\/index.php\/wp-json\/wp\/v2\/posts\/98419","targetHints":{"allow":["GET"]}}],"collection":[{"href":"https:\/\/elinformanteperu.com\/index.php\/wp-json\/wp\/v2\/posts"}],"about":[{"href":"https:\/\/elinformanteperu.com\/index.php\/wp-json\/wp\/v2\/types\/post"}],"author":[{"embeddable":true,"href":"https:\/\/elinformanteperu.com\/index.php\/wp-json\/wp\/v2\/users\/1"}],"replies":[{"embeddable":true,"href":"https:\/\/elinformanteperu.com\/index.php\/wp-json\/wp\/v2\/comments?post=98419"}],"version-history":[{"count":1,"href":"https:\/\/elinformanteperu.com\/index.php\/wp-json\/wp\/v2\/posts\/98419\/revisions"}],"predecessor-version":[{"id":98421,"href":"https:\/\/elinformanteperu.com\/index.php\/wp-json\/wp\/v2\/posts\/98419\/revisions\/98421"}],"wp:featuredmedia":[{"embeddable":true,"href":"https:\/\/elinformanteperu.com\/index.php\/wp-json\/wp\/v2\/media\/98420"}],"wp:attachment":[{"href":"https:\/\/elinformanteperu.com\/index.php\/wp-json\/wp\/v2\/media?parent=98419"}],"wp:term":[{"taxonomy":"category","embeddable":true,"href":"https:\/\/elinformanteperu.com\/index.php\/wp-json\/wp\/v2\/categories?post=98419"},{"taxonomy":"post_tag","embeddable":true,"href":"https:\/\/elinformanteperu.com\/index.php\/wp-json\/wp\/v2\/tags?post=98419"}],"curies":[{"name":"wp","href":"https:\/\/api.w.org\/{rel}","templated":true}]}}