{"id":98416,"date":"2021-05-23T15:23:23","date_gmt":"2021-05-23T20:23:23","guid":{"rendered":"https:\/\/elinformanteperu.com\/?p=98416"},"modified":"2021-05-23T15:23:23","modified_gmt":"2021-05-23T20:23:23","slug":"covid-19-minsa-amplia-atencion-para-vacunacion-de-personas-con-trastornos-mentales","status":"publish","type":"post","link":"https:\/\/elinformanteperu.com\/index.php\/2021\/05\/23\/covid-19-minsa-amplia-atencion-para-vacunacion-de-personas-con-trastornos-mentales\/","title":{"rendered":"Covid-19: Minsa ampl\u00eda atenci\u00f3n para vacunaci\u00f3n de personas con trastornos mentales"},"content":{"rendered":"<p><span style=\"color: #000000;\"><strong>Lima, 23 Mayo, (ANDINA).-<\/strong> El Ministerio de Salud (Minsa) ampli\u00f3 los centros de atenci\u00f3n para el proceso de vacunaci\u00f3n contra el covid-19 de las personas, mayores de 18 a\u00f1os, con trastornos mentales y del neurodesarrollo.<\/span><\/p>\n<p><span style=\"color: #000000;\">Los ciudadanos ser\u00e1n vacunados en el centro de vacunaci\u00f3n m\u00e1s cercano a su domicilio, incluyendo el servicio de vacunacar. Tendr\u00e1n derecho a una atenci\u00f3n prioritaria, de acuerdo con el siguiente cronograma:<\/span><\/p>\n<p><img fetchpriority=\"high\" decoding=\"async\" class=\"aligncenter size-full wp-image-98417\" src=\"https:\/\/elinformanteperu.com\/wp-content\/uploads\/2021\/05\/cronograma-vacunacion-transtornos-mentales.jpg\" alt=\"\" width=\"1800\" height=\"617\" srcset=\"https:\/\/elinformanteperu.com\/wp-content\/uploads\/2021\/05\/cronograma-vacunacion-transtornos-mentales.jpg 1800w, https:\/\/elinformanteperu.com\/wp-content\/uploads\/2021\/05\/cronograma-vacunacion-transtornos-mentales-300x103.jpg 300w, https:\/\/elinformanteperu.com\/wp-content\/uploads\/2021\/05\/cronograma-vacunacion-transtornos-mentales-1024x351.jpg 1024w, https:\/\/elinformanteperu.com\/wp-content\/uploads\/2021\/05\/cronograma-vacunacion-transtornos-mentales-768x263.jpg 768w, https:\/\/elinformanteperu.com\/wp-content\/uploads\/2021\/05\/cronograma-vacunacion-transtornos-mentales-1536x527.jpg 1536w\" sizes=\"(max-width: 1800px) 100vw, 1800px\" \/><\/p>\n<p><span style=\"color: #000000;\">Para ser vacunadas, las personas deber\u00e1n presentar una constancia, certificado o receta m\u00e9dica que permita acreditar su condici\u00f3n. De considerarlo necesario, las personas pueden acudir con un acompa\u00f1ante.<\/span><\/p>\n<p><span style=\"color: #000000;\">Los ciudadanos que lo requieran pueden solicitar ser vacunados en su domicilio llamando a las l\u00edneas 113 o 107.<\/span><\/p>\n<p><span style=\"color: #000000;\">El Minsa reafirma su compromiso de salvaguardar la salud de todos los peruanos.<\/span><\/p>\n","protected":false},"excerpt":{"rendered":"<p>Lima, 23 Mayo, (ANDINA).- El Ministerio de Salud (Minsa) ampli\u00f3 los centros de atenci\u00f3n para el proceso de vacunaci\u00f3n contra el covid-19 de las personas, mayores de 18 a\u00f1os, con trastornos mentales y del neurodesarrollo. Los ciudadanos ser\u00e1n vacunados en el centro de vacunaci\u00f3n m\u00e1s cercano a su domicilio, incluyendo el servicio de vacunacar. Tendr\u00e1n [&hellip;]<\/p>\n","protected":false},"author":1,"featured_media":97022,"comment_status":"closed","ping_status":"closed","sticky":false,"template":"","format":"standard","meta":{"rop_custom_images_group":[],"rop_custom_messages_group":[],"rop_publish_now":"initial","rop_publish_now_accounts":[],"rop_publish_now_history":[],"rop_publish_now_status":"pending","footnotes":""},"categories":[10],"tags":[388,431,5939],"class_list":["post-98416","post","type-post","status-publish","format-standard","has-post-thumbnail","hentry","category-actualidad-municipal","tag-ministerio-de-salud","tag-minsa","tag-vacunacion"],"_links":{"self":[{"href":"https:\/\/elinformanteperu.com\/index.php\/wp-json\/wp\/v2\/posts\/98416","targetHints":{"allow":["GET"]}}],"collection":[{"href":"https:\/\/elinformanteperu.com\/index.php\/wp-json\/wp\/v2\/posts"}],"about":[{"href":"https:\/\/elinformanteperu.com\/index.php\/wp-json\/wp\/v2\/types\/post"}],"author":[{"embeddable":true,"href":"https:\/\/elinformanteperu.com\/index.php\/wp-json\/wp\/v2\/users\/1"}],"replies":[{"embeddable":true,"href":"https:\/\/elinformanteperu.com\/index.php\/wp-json\/wp\/v2\/comments?post=98416"}],"version-history":[{"count":1,"href":"https:\/\/elinformanteperu.com\/index.php\/wp-json\/wp\/v2\/posts\/98416\/revisions"}],"predecessor-version":[{"id":98418,"href":"https:\/\/elinformanteperu.com\/index.php\/wp-json\/wp\/v2\/posts\/98416\/revisions\/98418"}],"wp:featuredmedia":[{"embeddable":true,"href":"https:\/\/elinformanteperu.com\/index.php\/wp-json\/wp\/v2\/media\/97022"}],"wp:attachment":[{"href":"https:\/\/elinformanteperu.com\/index.php\/wp-json\/wp\/v2\/media?parent=98416"}],"wp:term":[{"taxonomy":"category","embeddable":true,"href":"https:\/\/elinformanteperu.com\/index.php\/wp-json\/wp\/v2\/categories?post=98416"},{"taxonomy":"post_tag","embeddable":true,"href":"https:\/\/elinformanteperu.com\/index.php\/wp-json\/wp\/v2\/tags?post=98416"}],"curies":[{"name":"wp","href":"https:\/\/api.w.org\/{rel}","templated":true}]}}