{"id":98295,"date":"2021-05-21T00:14:56","date_gmt":"2021-05-21T05:14:56","guid":{"rendered":"https:\/\/elinformanteperu.com\/?p=98295"},"modified":"2021-05-21T00:14:56","modified_gmt":"2021-05-21T05:14:56","slug":"fiscal-de-la-nacion-formulo-denuncia-contra-expresidente-martin-vizcarra","status":"publish","type":"post","link":"https:\/\/elinformanteperu.com\/index.php\/2021\/05\/21\/fiscal-de-la-nacion-formulo-denuncia-contra-expresidente-martin-vizcarra\/","title":{"rendered":"Fiscal de la Naci\u00f3n formul\u00f3 denuncia contra expresidente Mart\u00edn Vizcarra"},"content":{"rendered":"<p><strong><span style=\"color: #000000;\">Por la contrataci\u00f3n de Richard Cisneros en el Ministerio de Cultura<\/span><\/strong><\/p>\n<p><span style=\"color: #000000;\"><strong>Lima, 20 Mayo, (ANDINA).<\/strong>&#8211; La Fiscal de la Naci\u00f3n, Zoraida \u00c1valos, present\u00f3 una denuncia constitucional contra el expresidente de la Rep\u00fablica, Mart\u00edn Vizcarra Cornejo, y las exministras de Cultura Patricia Balbuena, Ulla Holmquist y Sonia Guill\u00e9n, por la irregular contrataci\u00f3n de Richard Cisneros en dicho ministerio, entre los a\u00f1os 2018 y 2020.<\/span><\/p>\n<p><span style=\"color: #000000;\">En el caso del exmandatario la denuncia formulada es por los delitos de tr\u00e1fico de influencias agravado (autor), peculado doloso por apropiaci\u00f3n para tercero (instigador) y delito de negociaci\u00f3n incompatible.<\/span><\/p>\n<p><span style=\"color: #000000;\">Ello por su presunta intervenci\u00f3n en la contrataci\u00f3n de Cisneros Carballido, mediante nueve \u00f3rdenes de servicio sin que este cumpla con el perfil exigido para prestar el servicio.<\/span><\/p>\n<p><span style=\"color: #000000;\">Vizcarra tambi\u00e9n fue denunciado por el delito de obstrucci\u00f3n a la justicia, a causa de las conversaciones sostenidas presuntamente en Palacio de Gobierno, junto a otros funcionarios de dicha dependencia sobre la forma en la que deb\u00edan dar su testimonio en la investigaci\u00f3n fiscal que se realizaba sobre los hechos relacionados con la contrataci\u00f3n de Cisneros Carballido.<\/span><\/p>\n<p><strong><span style=\"color: #000000;\">Exministras<\/span><\/strong><\/p>\n<p><span style=\"color: #000000;\">Las extitulares de Cultura, en tanto, fueron denunciadas por peculado doloso por apropiaci\u00f3n para tercero (agravado) y negociaci\u00f3n incompatible, tras hallarse indicios de su directa intervenci\u00f3n en la adecuaci\u00f3n de servicios en el ministerio de Cultura para ser adjudicado a Cisneros.<\/span><\/p>\n<p><span style=\"color: #000000;\">Asimismo, por la atenci\u00f3n a las llamadas de la exsecretaria de la Presidencia, Miriam Morales, respecto de la contrataci\u00f3n y pago a Cisneros, por orden del presidente Vizcarra.<\/span><\/p>\n<blockquote class=\"twitter-tweet\">\n<p dir=\"ltr\" lang=\"es\"><a href=\"https:\/\/twitter.com\/hashtag\/Lo%C3%9Altimo?src=hash&amp;ref_src=twsrc%5Etfw\">#Lo\u00daltimo<\/a>\ud83d\udea8 | La Fiscal de la Naci\u00f3n, Zoraida \u00c1valos Rivera, present\u00f3 esta tarde denuncia constitucional contra el ex presidente Mart\u00edn Vizcarra y tres ex ministras, por la irregular contrataci\u00f3n de Richard entre los a\u00f1os 2018 y 2020.<br \/>\nNota\ud83d\udc49<a href=\"https:\/\/t.co\/e6CQhxrfo8\">https:\/\/t.co\/e6CQhxrfo8<\/a> <a href=\"https:\/\/t.co\/pbsLNKxdxe\">pic.twitter.com\/pbsLNKxdxe<\/a><\/p>\n<p>\u2014 Ministerio P\u00fablico (@FiscaliaPeru) <a href=\"https:\/\/twitter.com\/FiscaliaPeru\/status\/1395486318428401666?ref_src=twsrc%5Etfw\">May 20, 2021<\/a><\/p><\/blockquote>\n<p><script async src=\"https:\/\/platform.twitter.com\/widgets.js\" charset=\"utf-8\"><\/script><\/p>\n","protected":false},"excerpt":{"rendered":"<p>Por la contrataci\u00f3n de Richard Cisneros en el Ministerio de Cultura Lima, 20 Mayo, (ANDINA).&#8211; La Fiscal de la Naci\u00f3n, Zoraida \u00c1valos, present\u00f3 una denuncia constitucional contra el expresidente de la Rep\u00fablica, Mart\u00edn Vizcarra Cornejo, y las exministras de Cultura Patricia Balbuena, Ulla Holmquist y Sonia Guill\u00e9n, por la irregular contrataci\u00f3n de Richard Cisneros en [&hellip;]<\/p>\n","protected":false},"author":1,"featured_media":95997,"comment_status":"closed","ping_status":"closed","sticky":false,"template":"","format":"standard","meta":{"rop_custom_images_group":[],"rop_custom_messages_group":[],"rop_publish_now":"initial","rop_publish_now_accounts":[],"rop_publish_now_history":[],"rop_publish_now_status":"pending","footnotes":""},"categories":[5],"tags":[289,370,3426],"class_list":["post-98295","post","type-post","status-publish","format-standard","has-post-thumbnail","hentry","category-actualidad-informativa","tag-martin-vizcarra","tag-ministerio-publico","tag-zoraida-avalos"],"_links":{"self":[{"href":"https:\/\/elinformanteperu.com\/index.php\/wp-json\/wp\/v2\/posts\/98295","targetHints":{"allow":["GET"]}}],"collection":[{"href":"https:\/\/elinformanteperu.com\/index.php\/wp-json\/wp\/v2\/posts"}],"about":[{"href":"https:\/\/elinformanteperu.com\/index.php\/wp-json\/wp\/v2\/types\/post"}],"author":[{"embeddable":true,"href":"https:\/\/elinformanteperu.com\/index.php\/wp-json\/wp\/v2\/users\/1"}],"replies":[{"embeddable":true,"href":"https:\/\/elinformanteperu.com\/index.php\/wp-json\/wp\/v2\/comments?post=98295"}],"version-history":[{"count":1,"href":"https:\/\/elinformanteperu.com\/index.php\/wp-json\/wp\/v2\/posts\/98295\/revisions"}],"predecessor-version":[{"id":98296,"href":"https:\/\/elinformanteperu.com\/index.php\/wp-json\/wp\/v2\/posts\/98295\/revisions\/98296"}],"wp:featuredmedia":[{"embeddable":true,"href":"https:\/\/elinformanteperu.com\/index.php\/wp-json\/wp\/v2\/media\/95997"}],"wp:attachment":[{"href":"https:\/\/elinformanteperu.com\/index.php\/wp-json\/wp\/v2\/media?parent=98295"}],"wp:term":[{"taxonomy":"category","embeddable":true,"href":"https:\/\/elinformanteperu.com\/index.php\/wp-json\/wp\/v2\/categories?post=98295"},{"taxonomy":"post_tag","embeddable":true,"href":"https:\/\/elinformanteperu.com\/index.php\/wp-json\/wp\/v2\/tags?post=98295"}],"curies":[{"name":"wp","href":"https:\/\/api.w.org\/{rel}","templated":true}]}}