{"id":98293,"date":"2021-05-21T00:10:48","date_gmt":"2021-05-21T05:10:48","guid":{"rendered":"https:\/\/elinformanteperu.com\/?p=98293"},"modified":"2021-05-21T00:10:48","modified_gmt":"2021-05-21T05:10:48","slug":"transparencia-condena-agresiones-a-periodistas-y-autoridades-electorales","status":"publish","type":"post","link":"https:\/\/elinformanteperu.com\/index.php\/2021\/05\/21\/transparencia-condena-agresiones-a-periodistas-y-autoridades-electorales\/","title":{"rendered":"Transparencia condena agresiones a periodistas y autoridades electorales"},"content":{"rendered":"<p><span style=\"color: #000000;\"><strong>Lima, 20 Mayo, (ANDINA).-<\/strong> La asociaci\u00f3n civil Transparencia expres\u00f3 su condena contra la violencia en campa\u00f1a electoral, las agresiones a periodistas y los ataques a las autoridades electorales.<\/span><\/p>\n<p><span style=\"color: #000000;\">Mediante un comunicado se\u00f1al\u00f3 que estas acciones vulneran los principios democr\u00e1ticos y la Proclama Ciudadana, al advertir que la violencia, verbal o f\u00edsica, es injustificable.<\/span><\/p>\n<p><span style=\"color: #000000;\">\u00abTransparencia exhorta a los candidatos presidenciales a rechazar rotundamente estas acciones y llamar a sus militantes o simpatizantes a condenarlas y a no justificarlas en nombre de sus preferencias pol\u00edticas\u00bb, precis\u00f3.<\/span><\/p>\n<p><span style=\"color: #000000;\">Expres\u00f3, en ese sentido, su solidaridad con los periodistas objeto de agresiones en el ejercicio de su labor y record\u00f3 que la Proclama Ciudadana incluye el compromiso de respetar la libertad de expresi\u00f3n.<\/span><\/p>\n<p><span style=\"color: #000000;\">\u00abEs fundamental el papel que, en el contexto de las elecciones, cumplen los medios de comunicaci\u00f3n, los cuales, como se\u00f1ala el Pacto \u00c9tico Electoral, deben guiarse por los principios de equidad, veracidad, objetividad y pluralismo democr\u00e1tico, combatiendo la desinformaci\u00f3n\u00bb, a\u00f1adi\u00f3.<\/span><\/p>\n<p><span style=\"color: #000000;\">Adem\u00e1s, Transparencia transmiti\u00f3 su preocupaci\u00f3n por los ataques sin fundamento que est\u00e1n recibiendo las autoridades electorales, lo cual, indic\u00f3, tampoco se condice con la Proclama Ciudadana, que demanda el respeto a los poderes del Estado y organismos aut\u00f3nomos.<\/span><\/p>\n<p><span style=\"color: #000000;\">\u00abEn tal sentido, pedimos a ambos postulantes presidenciales ratificar su respeto por nuestro sistema electoral\u00bb, agreg\u00f3 la asociaci\u00f3n civil.<\/span><\/p>\n<blockquote class=\"twitter-tweet\">\n<p dir=\"ltr\" lang=\"es\">Transparencia condena violencia, agresiones a periodistas y ataques a las autoridades electorales, los cuales vulneran principios democr\u00e1ticos y la <a href=\"https:\/\/twitter.com\/hashtag\/ProclamaCiudadana?src=hash&amp;ref_src=twsrc%5Etfw\">#ProclamaCiudadana<\/a>. <a href=\"https:\/\/t.co\/Dles5Bskbm\">pic.twitter.com\/Dles5Bskbm<\/a><\/p>\n<p>\u2014 Transparencia Per\u00fa (@ACTransparencia) <a href=\"https:\/\/twitter.com\/ACTransparencia\/status\/1395414654579617794?ref_src=twsrc%5Etfw\">May 20, 2021<\/a><\/p><\/blockquote>\n<p><script async src=\"https:\/\/platform.twitter.com\/widgets.js\" charset=\"utf-8\"><\/script><\/p>\n","protected":false},"excerpt":{"rendered":"<p>Lima, 20 Mayo, (ANDINA).- La asociaci\u00f3n civil Transparencia expres\u00f3 su condena contra la violencia en campa\u00f1a electoral, las agresiones a periodistas y los ataques a las autoridades electorales. Mediante un comunicado se\u00f1al\u00f3 que estas acciones vulneran los principios democr\u00e1ticos y la Proclama Ciudadana, al advertir que la violencia, verbal o f\u00edsica, es injustificable. \u00abTransparencia exhorta [&hellip;]<\/p>\n","protected":false},"author":1,"featured_media":84618,"comment_status":"closed","ping_status":"closed","sticky":false,"template":"","format":"standard","meta":{"rop_custom_images_group":[],"rop_custom_messages_group":[],"rop_publish_now":"initial","rop_publish_now_accounts":[],"rop_publish_now_history":[],"rop_publish_now_status":"pending","footnotes":""},"categories":[5],"tags":[2567,6466,1358,849],"class_list":["post-98293","post","type-post","status-publish","format-standard","has-post-thumbnail","hentry","category-actualidad-informativa","tag-asociacion-civil-transparencia","tag-elecciones-segunda-vuelta-2021","tag-libertad-de-expresion","tag-transparencia"],"_links":{"self":[{"href":"https:\/\/elinformanteperu.com\/index.php\/wp-json\/wp\/v2\/posts\/98293","targetHints":{"allow":["GET"]}}],"collection":[{"href":"https:\/\/elinformanteperu.com\/index.php\/wp-json\/wp\/v2\/posts"}],"about":[{"href":"https:\/\/elinformanteperu.com\/index.php\/wp-json\/wp\/v2\/types\/post"}],"author":[{"embeddable":true,"href":"https:\/\/elinformanteperu.com\/index.php\/wp-json\/wp\/v2\/users\/1"}],"replies":[{"embeddable":true,"href":"https:\/\/elinformanteperu.com\/index.php\/wp-json\/wp\/v2\/comments?post=98293"}],"version-history":[{"count":1,"href":"https:\/\/elinformanteperu.com\/index.php\/wp-json\/wp\/v2\/posts\/98293\/revisions"}],"predecessor-version":[{"id":98294,"href":"https:\/\/elinformanteperu.com\/index.php\/wp-json\/wp\/v2\/posts\/98293\/revisions\/98294"}],"wp:featuredmedia":[{"embeddable":true,"href":"https:\/\/elinformanteperu.com\/index.php\/wp-json\/wp\/v2\/media\/84618"}],"wp:attachment":[{"href":"https:\/\/elinformanteperu.com\/index.php\/wp-json\/wp\/v2\/media?parent=98293"}],"wp:term":[{"taxonomy":"category","embeddable":true,"href":"https:\/\/elinformanteperu.com\/index.php\/wp-json\/wp\/v2\/categories?post=98293"},{"taxonomy":"post_tag","embeddable":true,"href":"https:\/\/elinformanteperu.com\/index.php\/wp-json\/wp\/v2\/tags?post=98293"}],"curies":[{"name":"wp","href":"https:\/\/api.w.org\/{rel}","templated":true}]}}