{"id":98278,"date":"2021-05-20T23:52:25","date_gmt":"2021-05-21T04:52:25","guid":{"rendered":"https:\/\/elinformanteperu.com\/?p=98278"},"modified":"2021-05-20T23:52:25","modified_gmt":"2021-05-21T04:52:25","slug":"fuerza-popular-hara-gobierno-abierto-y-no-partidario-afirma-galarreta","status":"publish","type":"post","link":"https:\/\/elinformanteperu.com\/index.php\/2021\/05\/20\/fuerza-popular-hara-gobierno-abierto-y-no-partidario-afirma-galarreta\/","title":{"rendered":"Fuerza Popular har\u00e1 gobierno abierto y no partidario, afirma Galarreta"},"content":{"rendered":"<p><strong><span style=\"color: #000000;\">De ganar la segunda vuelta<\/span><\/strong><\/p>\n<p><span style=\"color: #000000;\"><strong>Lima, 20 Mayo, (ANDINA).-<\/strong> De ganar la segunda vuelta, Fuerza Popular har\u00e1 un gobierno abierto y no solo partidario, dijo hoy el candidato a la primera vicepresidencia por dicha agrupaci\u00f3n pol\u00edtica, Luis Galarreta.<\/span><\/p>\n<p><span style=\"color: #000000;\">Seg\u00fan indic\u00f3 en RPP, hoy \u00abes un momento de reencuentro, de unidad y de dejar atr\u00e1s las rencillas, el odio y el encono\u00bb, y prueba de ello es el equipo t\u00e9cnico que tienen y el apoyo de otras tiendas pol\u00edticas.<\/span><\/p>\n<p><span style=\"color: #000000;\">Si ganan, a\u00f1adi\u00f3, convocar\u00edan incluso a quienes votaron por Pedro Castillo, de Per\u00fa Libre, y la Presidencia del Consejo de Ministros no estar\u00eda dirigida necesariamente por alguien de Fuerza Popular.<\/span><\/p>\n<p><span style=\"color: #000000;\">Para Galarreta, todas las personas que se est\u00e1n acercando a su partido en estos momentos constituyen una garant\u00eda de que ser\u00e1n fiscalizados y que habr\u00e1 un \u00abgobierno de todos\u00bb.<\/span><\/p>\n<p><span style=\"color: #000000;\">El equipo t\u00e9cnico, agreg\u00f3 el candidato, se est\u00e1 ampliando en funci\u00f3n a cada tema o rubro y pr\u00f3ximamente habr\u00e1 otras incorporaciones que ser\u00e1n presentadas.<\/span><\/p>\n<p><span style=\"color: #000000;\">La visi\u00f3n de gobierno, insisti\u00f3, no es que este sea solamente de Fuerza Popular, sino un gobierno abierto.<\/span><\/p>\n<p><span style=\"color: #000000;\">En otro momento, refiri\u00f3 que la pandemia del covid-19 ha hecho retroceder diez a\u00f1os al pa\u00eds, por lo que corresponde trabajar de manera unida para reactivar la econom\u00eda.<\/span><\/p>\n","protected":false},"excerpt":{"rendered":"<p>De ganar la segunda vuelta Lima, 20 Mayo, (ANDINA).- De ganar la segunda vuelta, Fuerza Popular har\u00e1 un gobierno abierto y no solo partidario, dijo hoy el candidato a la primera vicepresidencia por dicha agrupaci\u00f3n pol\u00edtica, Luis Galarreta. Seg\u00fan indic\u00f3 en RPP, hoy \u00abes un momento de reencuentro, de unidad y de dejar atr\u00e1s las [&hellip;]<\/p>\n","protected":false},"author":1,"featured_media":96100,"comment_status":"closed","ping_status":"closed","sticky":false,"template":"","format":"standard","meta":{"rop_custom_images_group":[],"rop_custom_messages_group":[],"rop_publish_now":"initial","rop_publish_now_accounts":[],"rop_publish_now_history":[],"rop_publish_now_status":"pending","footnotes":""},"categories":[5],"tags":[295,382],"class_list":["post-98278","post","type-post","status-publish","format-standard","has-post-thumbnail","hentry","category-actualidad-informativa","tag-fuerza-popular","tag-luis-galarreta"],"_links":{"self":[{"href":"https:\/\/elinformanteperu.com\/index.php\/wp-json\/wp\/v2\/posts\/98278","targetHints":{"allow":["GET"]}}],"collection":[{"href":"https:\/\/elinformanteperu.com\/index.php\/wp-json\/wp\/v2\/posts"}],"about":[{"href":"https:\/\/elinformanteperu.com\/index.php\/wp-json\/wp\/v2\/types\/post"}],"author":[{"embeddable":true,"href":"https:\/\/elinformanteperu.com\/index.php\/wp-json\/wp\/v2\/users\/1"}],"replies":[{"embeddable":true,"href":"https:\/\/elinformanteperu.com\/index.php\/wp-json\/wp\/v2\/comments?post=98278"}],"version-history":[{"count":1,"href":"https:\/\/elinformanteperu.com\/index.php\/wp-json\/wp\/v2\/posts\/98278\/revisions"}],"predecessor-version":[{"id":98279,"href":"https:\/\/elinformanteperu.com\/index.php\/wp-json\/wp\/v2\/posts\/98278\/revisions\/98279"}],"wp:featuredmedia":[{"embeddable":true,"href":"https:\/\/elinformanteperu.com\/index.php\/wp-json\/wp\/v2\/media\/96100"}],"wp:attachment":[{"href":"https:\/\/elinformanteperu.com\/index.php\/wp-json\/wp\/v2\/media?parent=98278"}],"wp:term":[{"taxonomy":"category","embeddable":true,"href":"https:\/\/elinformanteperu.com\/index.php\/wp-json\/wp\/v2\/categories?post=98278"},{"taxonomy":"post_tag","embeddable":true,"href":"https:\/\/elinformanteperu.com\/index.php\/wp-json\/wp\/v2\/tags?post=98278"}],"curies":[{"name":"wp","href":"https:\/\/api.w.org\/{rel}","templated":true}]}}