{"id":98272,"date":"2021-05-20T23:41:11","date_gmt":"2021-05-21T04:41:11","guid":{"rendered":"https:\/\/elinformanteperu.com\/?p=98272"},"modified":"2021-05-20T23:41:11","modified_gmt":"2021-05-21T04:41:11","slug":"domingo-23-de-mayo-en-lima-y-callao-que-restricciones-estaran-vigentes-y-cuales-no","status":"publish","type":"post","link":"https:\/\/elinformanteperu.com\/index.php\/2021\/05\/20\/domingo-23-de-mayo-en-lima-y-callao-que-restricciones-estaran-vigentes-y-cuales-no\/","title":{"rendered":"Domingo 23 de mayo en Lima y Callao: \u00bfqu\u00e9 restricciones estar\u00e1n vigentes y cu\u00e1les no?"},"content":{"rendered":"<p><strong><span style=\"color: #000000;\">Adultos mayores pueden movilizarse a su centro de vacunaci\u00f3n contra covid-19<\/span><\/strong><\/p>\n<p><span style=\"color: #000000;\"><strong>Lima, 20 Mayo, (ANDINA).-<\/strong> Lima y Callao se mantendr\u00e1n hasta el 30 de mayo bajo la clasificaci\u00f3n de riesgo \u00abmuy alto\u00bb frente al nuevo coronavirus, lo que significa que se eliminan algunas restricciones, principalmente los domingos.<\/span><\/p>\n<p><span style=\"color: #000000;\">\u00bfCu\u00e1l es el horario del toque de queda para ese d\u00eda?, \u00bfpueden movilizarse adultos mayores para su vacunaci\u00f3n contra la covid-19? \u00bfqu\u00e9 restricciones estar\u00e1n vigentes y cu\u00e1les no? Conoce a continuaci\u00f3n las medidas para los domingos 23 y 30 de mayo.<\/span><\/p>\n<p><strong><span style=\"color: #000000;\">Sin autos particulares<\/span><\/strong><\/p>\n<p><span style=\"color: #000000;\">Durante los domingos mencionados la poblaci\u00f3n podr\u00e1 salir de sus viviendas a pie o en bicicleta, pero no podr\u00e1 circular en autos particulares.<\/span><\/p>\n<p><span style=\"color: #000000;\">No obstante, el transporte p\u00fablico s\u00ed funcionar\u00e1 al igual que los taxis para quienes presenten alguna emergencia o desarrollen trabajos esenciales.<\/span><\/p>\n<p><span style=\"color: #000000;\">El transporte interprovincial terrestre podr\u00e1 funcionar con un aforo del 50 % al 100 %, seg\u00fan lo indicado por el Ministerio de Transportes.<\/span><\/p>\n<p><strong><span style=\"color: #000000;\">Vacunaci\u00f3n adultos mayores<\/span><\/strong><\/p>\n<p><span style=\"color: #000000;\">Los adultos mayores que tengan programada su vacunaci\u00f3n contra el covid-19 para estas fechas (domingos 23 y 30) s\u00ed podr\u00e1n desplazarse sin inconvenientes, con un acompa\u00f1ante, hacia su centro de inmunizaci\u00f3n asignado.<\/span><\/p>\n<p><span style=\"color: #000000;\">Esta informaci\u00f3n la confirm\u00f3 el vocero del Ministerio de Salud (Minsa), Arturo Granados, quien dijo que para estos casos no habr\u00e1 restricci\u00f3n del uso del auto particular.<\/span><\/p>\n<p><span style=\"color: #000000;\">Granados se\u00f1al\u00f3 que esta facilidad se brindar\u00e1 a los adultos mayores no solo los domingos con inmovilizaci\u00f3n social (toque de queda) sino en cualquier feriado que corresponda la vacunaci\u00f3n.<\/span><\/p>\n<p><strong><span style=\"color: #000000;\">Toque de queda<\/span><\/strong><\/p>\n<p><span style=\"color: #000000;\">Al encontrarse Lima y Callao en el nivel de riesgo \u00abmuy alto\u00bb, el toque de queda empezar\u00e1 a las 21:00 y concluir\u00e1 a las 04:00 horas del d\u00eda siguiente, de lunes a domingo.<\/span><\/p>\n<p><strong><span style=\"color: #000000;\">Sin eventos masivos<\/span><\/strong><\/p>\n<p><span style=\"color: #000000;\">De igual manera, se mantienen prohibidos hasta el 30 de mayo los eventos masivos, carnavales, fiestas costumbristas y el ingreso a las playas. <\/span><\/p>\n<p><strong><span style=\"color: #000000;\">Mercados y centros comerciales<\/span><\/strong><\/p>\n<p><span style=\"color: #000000;\">Dado que no habr\u00e1 toque de queda durante el d\u00eda, los mercados y supermercados, as\u00ed como centros comerciales y restaurantes, funcionar\u00e1n los domingos 23 y 30 de mayo, con los siguientes aforos:<\/span><\/p>\n<p><strong><span style=\"color: #000000;\">Aforo en espacios cerrados:<\/span><\/strong><\/p>\n<p><span style=\"color: #000000;\">-Tiendas en general: centros comerciales, galer\u00edas, tiendas por departamento, conglomerados: 30 %<\/span><br \/>\n<span style=\"color: #000000;\">-Tiendas de abastecimiento de productos b\u00e1sicos, supermercados, mercados, bodegas y farmacias con aforo limitado: 50 %<\/span><br \/>\n<span style=\"color: #000000;\">-Restaurantes y afines en zonas internas: hasta 40 %<\/span><br \/>\n<span style=\"color: #000000;\">Casinos y tragamonedas, gimnasios, cines y artes esc\u00e9nicas: 30 %<\/span><br \/>\n<span style=\"color: #000000;\">-Bancos y otras entidades financieras: 50 %<\/span><br \/>\n<span style=\"color: #000000;\">-Templos y lugares de culto: 30 %<\/span><br \/>\n<span style=\"color: #000000;\">-Actividades de clubes y asociaciones deportivas en espacios cerrados: 40 %<\/span><br \/>\n<span style=\"color: #000000;\">-Bibliotecas, museos, monumentos arqueol\u00f3gicos, centros culturales y galer\u00edas: 40 %<\/span><\/p>\n<p><strong><span style=\"color: #000000;\">Actividades en espacios abiertos (sin restricci\u00f3n de aforo, respetando protocolos)<\/span><\/strong><\/p>\n<p><span style=\"color: #000000;\">-Artes esc\u00e9nicas en espacios abiertos<\/span><br \/>\n<span style=\"color: #000000;\">-Ense\u00f1anza cultural en espacios abiertos<\/span><br \/>\n<span style=\"color: #000000;\">-Actividades de clubes y asociaciones deportivas al aire libre<\/span><br \/>\n<span style=\"color: #000000;\">-\u00c1reas naturales protegidas, jardines bot\u00e1nicos y zool\u00f3gicos<\/span><br \/>\n<span style=\"color: #000000;\">-Restaurantes y afines en zonas al aire libre.<\/span><\/p>\n","protected":false},"excerpt":{"rendered":"<p>Adultos mayores pueden movilizarse a su centro de vacunaci\u00f3n contra covid-19 Lima, 20 Mayo, (ANDINA).- Lima y Callao se mantendr\u00e1n hasta el 30 de mayo bajo la clasificaci\u00f3n de riesgo \u00abmuy alto\u00bb frente al nuevo coronavirus, lo que significa que se eliminan algunas restricciones, principalmente los domingos. \u00bfCu\u00e1l es el horario del toque de queda [&hellip;]<\/p>\n","protected":false},"author":1,"featured_media":98273,"comment_status":"closed","ping_status":"closed","sticky":false,"template":"","format":"standard","meta":{"rop_custom_images_group":[],"rop_custom_messages_group":[],"rop_publish_now":"initial","rop_publish_now_accounts":[],"rop_publish_now_history":[],"rop_publish_now_status":"pending","footnotes":""},"categories":[10,5745],"tags":[5375,6436],"class_list":["post-98272","post","type-post","status-publish","format-standard","has-post-thumbnail","hentry","category-actualidad-municipal","category-lo-ultimo","tag-toque-de-queda-2020","tag-toque-de-queda-2021"],"_links":{"self":[{"href":"https:\/\/elinformanteperu.com\/index.php\/wp-json\/wp\/v2\/posts\/98272","targetHints":{"allow":["GET"]}}],"collection":[{"href":"https:\/\/elinformanteperu.com\/index.php\/wp-json\/wp\/v2\/posts"}],"about":[{"href":"https:\/\/elinformanteperu.com\/index.php\/wp-json\/wp\/v2\/types\/post"}],"author":[{"embeddable":true,"href":"https:\/\/elinformanteperu.com\/index.php\/wp-json\/wp\/v2\/users\/1"}],"replies":[{"embeddable":true,"href":"https:\/\/elinformanteperu.com\/index.php\/wp-json\/wp\/v2\/comments?post=98272"}],"version-history":[{"count":1,"href":"https:\/\/elinformanteperu.com\/index.php\/wp-json\/wp\/v2\/posts\/98272\/revisions"}],"predecessor-version":[{"id":98274,"href":"https:\/\/elinformanteperu.com\/index.php\/wp-json\/wp\/v2\/posts\/98272\/revisions\/98274"}],"wp:featuredmedia":[{"embeddable":true,"href":"https:\/\/elinformanteperu.com\/index.php\/wp-json\/wp\/v2\/media\/98273"}],"wp:attachment":[{"href":"https:\/\/elinformanteperu.com\/index.php\/wp-json\/wp\/v2\/media?parent=98272"}],"wp:term":[{"taxonomy":"category","embeddable":true,"href":"https:\/\/elinformanteperu.com\/index.php\/wp-json\/wp\/v2\/categories?post=98272"},{"taxonomy":"post_tag","embeddable":true,"href":"https:\/\/elinformanteperu.com\/index.php\/wp-json\/wp\/v2\/tags?post=98272"}],"curies":[{"name":"wp","href":"https:\/\/api.w.org\/{rel}","templated":true}]}}