{"id":97755,"date":"2021-05-14T20:23:36","date_gmt":"2021-05-15T01:23:36","guid":{"rendered":"https:\/\/elinformanteperu.com\/?p=97755"},"modified":"2021-05-14T20:23:36","modified_gmt":"2021-05-15T01:23:36","slug":"buena-noticia-le-retiran-oxigeno-a-walter-yaipen-tras-contraer-el-covid-19","status":"publish","type":"post","link":"https:\/\/elinformanteperu.com\/index.php\/2021\/05\/14\/buena-noticia-le-retiran-oxigeno-a-walter-yaipen-tras-contraer-el-covid-19\/","title":{"rendered":"Buena noticia: Le retiran ox\u00edgeno a Walter Yaip\u00e9n tras contraer el covid-19"},"content":{"rendered":"<p><span style=\"color: #000000;\"><strong>Lima, 14 Mayo, (ANDINA).-<\/strong> Walter Yaip\u00e9n, l\u00edder de la agrupaci\u00f3n \u00abHermanos Yaip\u00e9n\u00bb, inici\u00f3 su proceso de recuperaci\u00f3n tras contraer la covid-19 y dej\u00f3 de depender del ox\u00edgeno.<\/span><\/p>\n<p><span style=\"color: #000000;\">\u00abAyer le quitaron el ox\u00edgeno tras depender por quince d\u00edas de un bal\u00f3n de ox\u00edgeno\u00bb, expres\u00f3 su hermano Javier, quien revel\u00f3 que tambi\u00e9n es vulnerable.<\/span><\/p>\n<p><span style=\"color: #000000;\">\u00abAyer logr\u00e9 hablar por tel\u00e9fono con Walter, pero sent\u00ed su voz muy apagada. Sin embargo, me alegr\u00f3 mucho poder comunicarme con \u00e9l. Fueron d\u00edas de mucha angustia y preocupaci\u00f3n no solo para m\u00ed, sino para toda la familia. Walter ha salido del cuadro cr\u00edtico afortunadamente\u00bb, anot\u00f3.<\/span><\/p>\n<p><span style=\"color: #000000;\">Fue su sobrino Gianfranco, quien le brindaba informaci\u00f3n de la evoluci\u00f3n de Walter, \u00abya que mi cu\u00f1ada y mi sobrina tambi\u00e9n fueron v\u00edctimas del covid-19. \u00c9l lo estuvo cuidando, incluso hasta hace unos d\u00edas lleg\u00f3 a 88 de saturaci\u00f3n y eso nos gener\u00f3 mucha preocupaci\u00f3n\u00bb.<\/span><\/p>\n<p><span style=\"color: #000000;\">\u00abMi cu\u00f1ada ya sali\u00f3 del estado cr\u00edtico, pero mi sobrina a\u00fan lucha contra la covid-19; por lo que oramos por su pronta recuperaci\u00f3n. Ellos est\u00e1n en su casa luchando contra la enfermedad\u00bb, confirm\u00f3.<\/span><\/p>\n<p><iframe title=\"YouTube video player\" src=\"https:\/\/www.youtube-nocookie.com\/embed\/8Yvag1aOVdc\" width=\"520\" height=\"315\" frameborder=\"0\" allowfullscreen=\"allowfullscreen\"><span data-mce-type=\"bookmark\" style=\"display: inline-block; width: 0px; overflow: hidden; line-height: 0;\" class=\"mce_SELRES_start\">\ufeff<\/span><\/iframe><\/p>\n","protected":false},"excerpt":{"rendered":"<p>Lima, 14 Mayo, (ANDINA).- Walter Yaip\u00e9n, l\u00edder de la agrupaci\u00f3n \u00abHermanos Yaip\u00e9n\u00bb, inici\u00f3 su proceso de recuperaci\u00f3n tras contraer la covid-19 y dej\u00f3 de depender del ox\u00edgeno. \u00abAyer le quitaron el ox\u00edgeno tras depender por quince d\u00edas de un bal\u00f3n de ox\u00edgeno\u00bb, expres\u00f3 su hermano Javier, quien revel\u00f3 que tambi\u00e9n es vulnerable. \u00abAyer logr\u00e9 hablar [&hellip;]<\/p>\n","protected":false},"author":1,"featured_media":97756,"comment_status":"closed","ping_status":"closed","sticky":false,"template":"","format":"standard","meta":{"rop_custom_images_group":[],"rop_custom_messages_group":[],"rop_publish_now":"initial","rop_publish_now_accounts":[],"rop_publish_now_history":[],"rop_publish_now_status":"pending","footnotes":""},"categories":[69],"tags":[4435,6504],"class_list":["post-97755","post","type-post","status-publish","format-standard","has-post-thumbnail","hentry","category-musica","tag-hermanos-yaipen","tag-walter-yaipen"],"_links":{"self":[{"href":"https:\/\/elinformanteperu.com\/index.php\/wp-json\/wp\/v2\/posts\/97755","targetHints":{"allow":["GET"]}}],"collection":[{"href":"https:\/\/elinformanteperu.com\/index.php\/wp-json\/wp\/v2\/posts"}],"about":[{"href":"https:\/\/elinformanteperu.com\/index.php\/wp-json\/wp\/v2\/types\/post"}],"author":[{"embeddable":true,"href":"https:\/\/elinformanteperu.com\/index.php\/wp-json\/wp\/v2\/users\/1"}],"replies":[{"embeddable":true,"href":"https:\/\/elinformanteperu.com\/index.php\/wp-json\/wp\/v2\/comments?post=97755"}],"version-history":[{"count":1,"href":"https:\/\/elinformanteperu.com\/index.php\/wp-json\/wp\/v2\/posts\/97755\/revisions"}],"predecessor-version":[{"id":97757,"href":"https:\/\/elinformanteperu.com\/index.php\/wp-json\/wp\/v2\/posts\/97755\/revisions\/97757"}],"wp:featuredmedia":[{"embeddable":true,"href":"https:\/\/elinformanteperu.com\/index.php\/wp-json\/wp\/v2\/media\/97756"}],"wp:attachment":[{"href":"https:\/\/elinformanteperu.com\/index.php\/wp-json\/wp\/v2\/media?parent=97755"}],"wp:term":[{"taxonomy":"category","embeddable":true,"href":"https:\/\/elinformanteperu.com\/index.php\/wp-json\/wp\/v2\/categories?post=97755"},{"taxonomy":"post_tag","embeddable":true,"href":"https:\/\/elinformanteperu.com\/index.php\/wp-json\/wp\/v2\/tags?post=97755"}],"curies":[{"name":"wp","href":"https:\/\/api.w.org\/{rel}","templated":true}]}}