{"id":97733,"date":"2021-05-14T01:07:41","date_gmt":"2021-05-14T06:07:41","guid":{"rendered":"https:\/\/elinformanteperu.com\/?p=97733"},"modified":"2021-05-14T01:07:41","modified_gmt":"2021-05-14T06:07:41","slug":"congreso-jura-el-cargo-congresista-que-reemplaza-a-edgar-alarcon","status":"publish","type":"post","link":"https:\/\/elinformanteperu.com\/index.php\/2021\/05\/14\/congreso-jura-el-cargo-congresista-que-reemplaza-a-edgar-alarcon\/","title":{"rendered":"Congreso: jura el cargo congresista que reemplaza a Edgar Alarc\u00f3n"},"content":{"rendered":"<p><strong><span style=\"color: #000000;\">H\u00e9ctor Arias C\u00e1ceres ofrece trabajar por la salud, por Arequipa y por nueva Constituci\u00f3n<\/span><\/strong><\/p>\n<p><span style=\"color: #000000;\"><strong>Lima, 13 Mayo, (ANDINA).-<\/strong> En reemplazo del suspendido Edgar Alarc\u00f3n Tejada, el arequipe\u00f1o H\u00e9ctor Jes\u00fas Arias C\u00e1ceres jur\u00f3 el cargo de congresista.<\/span><\/p>\n<p><span style=\"color: #000000;\">La sesi\u00f3n plenaria del Congreso fue el contexto en el que se desarroll\u00f3 el acto. Luego de que se informara que el Jurado Nacional de Elecciones le entreg\u00f3 las credenciales correspondientes, se procedi\u00f3 a la toma de juramento.<\/span><\/p>\n<p><span style=\"color: #000000;\">\u201cPor la salud de todos los peruanos, por Arequipa y por una nueva Constituci\u00f3n, s\u00ed, juro\u201d, se\u00f1al\u00f3 Arias, quien es representante del partido Uni\u00f3n por el Per\u00fa.<\/span><\/p>\n<p><span style=\"color: #000000;\">El nuevo parlamentario reemplaza a Alarc\u00f3n mientras dure su suspensi\u00f3n. Esta deriv\u00f3 de la acusaci\u00f3n constitucional que se aprob\u00f3 en su contra, por el supuesto enriquecimiento il\u00edcito en el que habr\u00eda incurrido cuando desempe\u00f1aba funciones en la Contralor\u00eda General de la Rep\u00fablica.<\/span><\/p>\n<p><span style=\"color: #000000;\">Alarc\u00f3n fue suspendido en el cargo mientras dure dicho proceso. Arias es un empresario del rubro pirot\u00e9cnico que reside en Arequipa.<\/span><\/p>\n","protected":false},"excerpt":{"rendered":"<p>H\u00e9ctor Arias C\u00e1ceres ofrece trabajar por la salud, por Arequipa y por nueva Constituci\u00f3n Lima, 13 Mayo, (ANDINA).- En reemplazo del suspendido Edgar Alarc\u00f3n Tejada, el arequipe\u00f1o H\u00e9ctor Jes\u00fas Arias C\u00e1ceres jur\u00f3 el cargo de congresista. La sesi\u00f3n plenaria del Congreso fue el contexto en el que se desarroll\u00f3 el acto. Luego de que se [&hellip;]<\/p>\n","protected":false},"author":1,"featured_media":97734,"comment_status":"closed","ping_status":"closed","sticky":false,"template":"","format":"standard","meta":{"rop_custom_images_group":[],"rop_custom_messages_group":[],"rop_publish_now":"initial","rop_publish_now_accounts":[],"rop_publish_now_history":[],"rop_publish_now_status":"pending","footnotes":""},"categories":[5],"tags":[192,855],"class_list":["post-97733","post","type-post","status-publish","format-standard","has-post-thumbnail","hentry","category-actualidad-informativa","tag-congreso","tag-edgar-alarcon"],"_links":{"self":[{"href":"https:\/\/elinformanteperu.com\/index.php\/wp-json\/wp\/v2\/posts\/97733","targetHints":{"allow":["GET"]}}],"collection":[{"href":"https:\/\/elinformanteperu.com\/index.php\/wp-json\/wp\/v2\/posts"}],"about":[{"href":"https:\/\/elinformanteperu.com\/index.php\/wp-json\/wp\/v2\/types\/post"}],"author":[{"embeddable":true,"href":"https:\/\/elinformanteperu.com\/index.php\/wp-json\/wp\/v2\/users\/1"}],"replies":[{"embeddable":true,"href":"https:\/\/elinformanteperu.com\/index.php\/wp-json\/wp\/v2\/comments?post=97733"}],"version-history":[{"count":1,"href":"https:\/\/elinformanteperu.com\/index.php\/wp-json\/wp\/v2\/posts\/97733\/revisions"}],"predecessor-version":[{"id":97735,"href":"https:\/\/elinformanteperu.com\/index.php\/wp-json\/wp\/v2\/posts\/97733\/revisions\/97735"}],"wp:featuredmedia":[{"embeddable":true,"href":"https:\/\/elinformanteperu.com\/index.php\/wp-json\/wp\/v2\/media\/97734"}],"wp:attachment":[{"href":"https:\/\/elinformanteperu.com\/index.php\/wp-json\/wp\/v2\/media?parent=97733"}],"wp:term":[{"taxonomy":"category","embeddable":true,"href":"https:\/\/elinformanteperu.com\/index.php\/wp-json\/wp\/v2\/categories?post=97733"},{"taxonomy":"post_tag","embeddable":true,"href":"https:\/\/elinformanteperu.com\/index.php\/wp-json\/wp\/v2\/tags?post=97733"}],"curies":[{"name":"wp","href":"https:\/\/api.w.org\/{rel}","templated":true}]}}