{"id":97731,"date":"2021-05-14T01:04:35","date_gmt":"2021-05-14T06:04:35","guid":{"rendered":"https:\/\/elinformanteperu.com\/?p=97731"},"modified":"2021-05-14T01:04:35","modified_gmt":"2021-05-14T06:04:35","slug":"no-hay-motivos-para-rechazar-salida-del-pais-de-keiko-fujimori-dice-abogada","status":"publish","type":"post","link":"https:\/\/elinformanteperu.com\/index.php\/2021\/05\/14\/no-hay-motivos-para-rechazar-salida-del-pais-de-keiko-fujimori-dice-abogada\/","title":{"rendered":"No hay motivos para rechazar salida del pa\u00eds de Keiko Fujimori, dice abogada"},"content":{"rendered":"<p><span style=\"color: #000000;\"><strong>Lima, 13 Mayo, (ANDINA).-<\/strong> La abogada de Keiko Fujimori, Giulliana Loza, dijo que no hay motivos para que el juez rechace el pedido de salida del pa\u00eds de su defendida, a fin de que pueda asistir a un foro en Ecuador, por invitaci\u00f3n de Mario Vargas Llosa.<\/span><\/p>\n<p><span style=\"color: #000000;\">En entrevista con Canal N se\u00f1al\u00f3 llamarle la atenci\u00f3n que el fiscal no se opusiera antes a los desplazamientos de Fujimori Higuchi por el territorio nacional con motivo de su candidatura, y que ahora s\u00ed lo haga.<\/span><\/p>\n<p><span style=\"color: #000000;\">Sostuvo que la conducta procesal de su defendida ha sido intachable, que cumple cada una de reglas de conducta impuestas contra ella y, seg\u00fan refiri\u00f3, no tiene a la fecha impedimento de salida del pa\u00eds.<\/span><\/p>\n<p><span style=\"color: #000000;\">Respecto al peligro de fuga, argumentado por el fiscal Jos\u00e9 Domingo P\u00e9rez, Loza afirm\u00f3 que en los a\u00f1os en que Fujimori Higuchi viene siendo investigada esto nunca ha existido.<\/span><\/p>\n<p><span style=\"color: #000000;\">Adem\u00e1s, asever\u00f3, \u00aba qui\u00e9n se le puede ocurrir que siendo candidata se va a fugar y no va a regresar, es algo inconcebible y no hay motivos para que el juzgado rechace el pedido\u00bb.<\/span><\/p>\n<p><span style=\"color: #000000;\">Mencion\u00f3 que no se requiere de una audiencia para que el juez se pronuncie, y reiter\u00f3 su confianza en que el permiso les sea otorgado para viabilizar todo lo relacionado al viaje.<\/span><\/p>\n<p><span style=\"color: #000000;\">Esta semana, el escritor Mario Vargas Llosa invit\u00f3 a Keiko Fujimori a un foro internacional en la ciudad de Quito, Ecuador, previsto para el 23 de mayo.<\/span><\/p>\n","protected":false},"excerpt":{"rendered":"<p>Lima, 13 Mayo, (ANDINA).- La abogada de Keiko Fujimori, Giulliana Loza, dijo que no hay motivos para que el juez rechace el pedido de salida del pa\u00eds de su defendida, a fin de que pueda asistir a un foro en Ecuador, por invitaci\u00f3n de Mario Vargas Llosa. En entrevista con Canal N se\u00f1al\u00f3 llamarle la [&hellip;]<\/p>\n","protected":false},"author":1,"featured_media":56102,"comment_status":"closed","ping_status":"closed","sticky":false,"template":"","format":"standard","meta":{"rop_custom_images_group":[],"rop_custom_messages_group":[],"rop_publish_now":"initial","rop_publish_now_accounts":[],"rop_publish_now_history":[],"rop_publish_now_status":"pending","footnotes":""},"categories":[5],"tags":[3716,2568,557],"class_list":["post-97731","post","type-post","status-publish","format-standard","has-post-thumbnail","hentry","category-actualidad-informativa","tag-giulliana-loza","tag-jose-domingo-perez","tag-keiko-fujimori"],"_links":{"self":[{"href":"https:\/\/elinformanteperu.com\/index.php\/wp-json\/wp\/v2\/posts\/97731","targetHints":{"allow":["GET"]}}],"collection":[{"href":"https:\/\/elinformanteperu.com\/index.php\/wp-json\/wp\/v2\/posts"}],"about":[{"href":"https:\/\/elinformanteperu.com\/index.php\/wp-json\/wp\/v2\/types\/post"}],"author":[{"embeddable":true,"href":"https:\/\/elinformanteperu.com\/index.php\/wp-json\/wp\/v2\/users\/1"}],"replies":[{"embeddable":true,"href":"https:\/\/elinformanteperu.com\/index.php\/wp-json\/wp\/v2\/comments?post=97731"}],"version-history":[{"count":1,"href":"https:\/\/elinformanteperu.com\/index.php\/wp-json\/wp\/v2\/posts\/97731\/revisions"}],"predecessor-version":[{"id":97732,"href":"https:\/\/elinformanteperu.com\/index.php\/wp-json\/wp\/v2\/posts\/97731\/revisions\/97732"}],"wp:featuredmedia":[{"embeddable":true,"href":"https:\/\/elinformanteperu.com\/index.php\/wp-json\/wp\/v2\/media\/56102"}],"wp:attachment":[{"href":"https:\/\/elinformanteperu.com\/index.php\/wp-json\/wp\/v2\/media?parent=97731"}],"wp:term":[{"taxonomy":"category","embeddable":true,"href":"https:\/\/elinformanteperu.com\/index.php\/wp-json\/wp\/v2\/categories?post=97731"},{"taxonomy":"post_tag","embeddable":true,"href":"https:\/\/elinformanteperu.com\/index.php\/wp-json\/wp\/v2\/tags?post=97731"}],"curies":[{"name":"wp","href":"https:\/\/api.w.org\/{rel}","templated":true}]}}