{"id":97729,"date":"2021-05-14T01:02:43","date_gmt":"2021-05-14T06:02:43","guid":{"rendered":"https:\/\/elinformanteperu.com\/?p=97729"},"modified":"2021-05-14T01:02:43","modified_gmt":"2021-05-14T06:02:43","slug":"fiscal-perez-solicita-denegar-salida-del-pais-para-keiko-fujimori","status":"publish","type":"post","link":"https:\/\/elinformanteperu.com\/index.php\/2021\/05\/14\/fiscal-perez-solicita-denegar-salida-del-pais-para-keiko-fujimori\/","title":{"rendered":"Fiscal P\u00e9rez solicita denegar salida del pa\u00eds para Keiko Fujimori"},"content":{"rendered":"<p><span style=\"color: #000000;\"><strong>Lima, 13 Mayo, (ANDINA).-<\/strong> El fiscal del equipo especial Lava Jato, Jos\u00e9 Domingo P\u00e9rez, solicit\u00f3 al Poder Judicial denegar el pedido de la candidata Keiko Fujimori para que salga del pa\u00eds, tras una invitaci\u00f3n del escritor Mario Vargas Llosa a fin de que asista a un foro en Quito, Ecuador.<\/span><\/p>\n<p><span style=\"color: #000000;\">En su solicitud, el fiscal record\u00f3 que Fujimori Higuchi se encuentra acusada, desde el 11 de marzo pasado, por la presunta comisi\u00f3n de delitos de crimen organizado, lavado de activos, obstrucci\u00f3n a la justicia y falsa declaraci\u00f3n.<\/span><\/p>\n<p><span style=\"color: #000000;\">Por dichas acusaciones, subray\u00f3, se ha solicitado que se le imponga 30 a\u00f1os y diez meses de pena privativa de la libertad, as\u00ed como la medida cautelar de impedimento de salida del pa\u00eds.<\/span><\/p>\n<p><span style=\"color: #000000;\">Adem\u00e1s, precis\u00f3 que Fujimori tiene la obligaci\u00f3n de no ausentarse de la ciudad de su domicilio ni variar el mismo sin la autorizaci\u00f3n por escrito de la autoridades judiciales.<\/span><\/p>\n<p><span style=\"color: #000000;\">Dicha obligaci\u00f3n, a\u00f1ade el documento, se dio en el contexto de que la hoy candidata estaba siendo investigada, pero al haberse formulado acusaci\u00f3n la Fiscal\u00eda lleg\u00f3 a la convicci\u00f3n completa de que es responsable de los delitos antes mencionados.<\/span><\/p>\n<p><span style=\"color: #000000;\">Bajo esa premisa, para la Fiscal\u00eda subyace el riesgo de fuga en caso se le autorice a salir del pa\u00eds.<\/span><\/p>\n<p><span style=\"color: #000000;\">En la solicitud se recuerda que si bien anteriormente la candidata ha sido autorizada para desplazamientos dentro del territorio nacional, el pedido para salir del pa\u00eds es distinto.<\/span><\/p>\n<p><span style=\"color: #000000;\">Adem\u00e1s, refiere, se desconoce si entre los participantes de la actividad en la que participar\u00eda Fujimori se encuentran coacusados y\/o testigos, y no hay c\u00f3mo asegurar que no se comunicar\u00e1 con alguno de ellos.<\/span><\/p>\n","protected":false},"excerpt":{"rendered":"<p>Lima, 13 Mayo, (ANDINA).- El fiscal del equipo especial Lava Jato, Jos\u00e9 Domingo P\u00e9rez, solicit\u00f3 al Poder Judicial denegar el pedido de la candidata Keiko Fujimori para que salga del pa\u00eds, tras una invitaci\u00f3n del escritor Mario Vargas Llosa a fin de que asista a un foro en Quito, Ecuador. En su solicitud, el fiscal [&hellip;]<\/p>\n","protected":false},"author":1,"featured_media":78309,"comment_status":"closed","ping_status":"closed","sticky":false,"template":"","format":"standard","meta":{"rop_custom_images_group":[],"rop_custom_messages_group":[],"rop_publish_now":"initial","rop_publish_now_accounts":[],"rop_publish_now_history":[],"rop_publish_now_status":"pending","footnotes":""},"categories":[5],"tags":[295,2568,557],"class_list":["post-97729","post","type-post","status-publish","format-standard","has-post-thumbnail","hentry","category-actualidad-informativa","tag-fuerza-popular","tag-jose-domingo-perez","tag-keiko-fujimori"],"_links":{"self":[{"href":"https:\/\/elinformanteperu.com\/index.php\/wp-json\/wp\/v2\/posts\/97729","targetHints":{"allow":["GET"]}}],"collection":[{"href":"https:\/\/elinformanteperu.com\/index.php\/wp-json\/wp\/v2\/posts"}],"about":[{"href":"https:\/\/elinformanteperu.com\/index.php\/wp-json\/wp\/v2\/types\/post"}],"author":[{"embeddable":true,"href":"https:\/\/elinformanteperu.com\/index.php\/wp-json\/wp\/v2\/users\/1"}],"replies":[{"embeddable":true,"href":"https:\/\/elinformanteperu.com\/index.php\/wp-json\/wp\/v2\/comments?post=97729"}],"version-history":[{"count":1,"href":"https:\/\/elinformanteperu.com\/index.php\/wp-json\/wp\/v2\/posts\/97729\/revisions"}],"predecessor-version":[{"id":97730,"href":"https:\/\/elinformanteperu.com\/index.php\/wp-json\/wp\/v2\/posts\/97729\/revisions\/97730"}],"wp:featuredmedia":[{"embeddable":true,"href":"https:\/\/elinformanteperu.com\/index.php\/wp-json\/wp\/v2\/media\/78309"}],"wp:attachment":[{"href":"https:\/\/elinformanteperu.com\/index.php\/wp-json\/wp\/v2\/media?parent=97729"}],"wp:term":[{"taxonomy":"category","embeddable":true,"href":"https:\/\/elinformanteperu.com\/index.php\/wp-json\/wp\/v2\/categories?post=97729"},{"taxonomy":"post_tag","embeddable":true,"href":"https:\/\/elinformanteperu.com\/index.php\/wp-json\/wp\/v2\/tags?post=97729"}],"curies":[{"name":"wp","href":"https:\/\/api.w.org\/{rel}","templated":true}]}}