{"id":97720,"date":"2021-05-14T00:39:46","date_gmt":"2021-05-14T05:39:46","guid":{"rendered":"https:\/\/elinformanteperu.com\/?p=97720"},"modified":"2021-05-14T01:24:59","modified_gmt":"2021-05-14T06:24:59","slug":"minsa-no-acepto-peticion-de-la-fpf-para-vacunar-a-futbolistas","status":"publish","type":"post","link":"https:\/\/elinformanteperu.com\/index.php\/2021\/05\/14\/minsa-no-acepto-peticion-de-la-fpf-para-vacunar-a-futbolistas\/","title":{"rendered":"Minsa no acept\u00f3 petici\u00f3n de la FPF para vacunar a futbolistas"},"content":{"rendered":"<p><strong><span style=\"color: #000000;\">Ministro de Salud, Oscar Ugarte, se\u00f1ala que deportistas ser\u00e1n inmunizados cuando les corresponda<\/span><\/strong><\/p>\n<p><span style=\"color: #000000;\"><strong>Lima, 13 Mayo, (ANDINA).-<\/strong> El ministro de Salud, Oscar Ugarte, inform\u00f3 que no se ha aceptado la petici\u00f3n de la Federaci\u00f3n Peruana de F\u00fatbol (FPF) para vacunar a los miembros de la selecci\u00f3n nacional antes de su participaci\u00f3n en la Copa Am\u00e9rica 2021.<\/span><\/p>\n<p><span style=\"color: #000000;\">Ugarte precis\u00f3 que, ante la solicitud de la FPF, se hizo la consulta al comit\u00e9 consultivo de alto nivel y se determin\u00f3 que \u00abla Conmebol no ha indicado que sea obligatoria la vacunaci\u00f3n de los jugadores para que participen en sus competiciones\u00bb.<\/span><\/p>\n<p><span style=\"color: #000000;\">El titular de Salud dijo que la carta de la FPF se refiere a la vacunaci\u00f3n contra el covid-19 como una obligaci\u00f3n que impone la Conmebol a los pa\u00edses participantes, \u00abpero ahora sabemos que no es as\u00ed\u00bb, por lo que ser\u00e1n vacunados cuando les corresponda.<\/span><\/p>\n<p><span style=\"color: #000000;\">No obstante, evit\u00f3 calificar la actuaci\u00f3n de la FPF y dijo que el Gobierno, a trav\u00e9s del Ministerio de Salud, analiza y toma decisiones sobre la base de pol\u00edticas claramente definidas en el Plan Nacional de Vacunaci\u00f3n.<\/span><\/p>\n<p><span style=\"color: #000000;\">\u00abPara eso tenemos una comisi\u00f3n que nos asesora sobre qui\u00e9nes deben vacunarse antes que otros, por el mayor riesgo que presentan. Ese es el criterio que estamos aplicando con los adultos mayores\u00bb, refiri\u00f3.<\/span><\/p>\n<p><span style=\"color: #000000;\">La inmunizaci\u00f3n de los futbolistas y el cuerpo t\u00e9cnico del seleccionado estaba anunciada para hoy en las instalaciones de la Villa Deportiva Nacional, en San Luis, pero fue suspendida. Esta decisi\u00f3n origin\u00f3 una serie de comentarios, a favor y en contra, en las redes sociales y los medios de comunicaci\u00f3n.<\/span><\/p>\n<p><span style=\"color: #000000;\">Ugarte aprovech\u00f3 para aclarar que el Minsa no convoc\u00f3 a ning\u00fan futbolista en la Villa Deportiva y que la FPF deber\u00e1 explicar esa situaci\u00f3n.<\/span><\/p>\n","protected":false},"excerpt":{"rendered":"<p>Ministro de Salud, Oscar Ugarte, se\u00f1ala que deportistas ser\u00e1n inmunizados cuando les corresponda Lima, 13 Mayo, (ANDINA).- El ministro de Salud, Oscar Ugarte, inform\u00f3 que no se ha aceptado la petici\u00f3n de la Federaci\u00f3n Peruana de F\u00fatbol (FPF) para vacunar a los miembros de la selecci\u00f3n nacional antes de su participaci\u00f3n en la Copa Am\u00e9rica [&hellip;]<\/p>\n","protected":false},"author":1,"featured_media":97721,"comment_status":"closed","ping_status":"closed","sticky":false,"template":"","format":"standard","meta":{"rop_custom_images_group":[],"rop_custom_messages_group":[],"rop_publish_now":"initial","rop_publish_now_accounts":[],"rop_publish_now_history":[],"rop_publish_now_status":"pending","footnotes":""},"categories":[10,8,5745],"tags":[205,388,5779,5939],"class_list":["post-97720","post","type-post","status-publish","format-standard","has-post-thumbnail","hentry","category-actualidad-municipal","category-disciplinas-deportivas","category-lo-ultimo","tag-fpf","tag-ministerio-de-salud","tag-oscar-ugarte","tag-vacunacion"],"_links":{"self":[{"href":"https:\/\/elinformanteperu.com\/index.php\/wp-json\/wp\/v2\/posts\/97720","targetHints":{"allow":["GET"]}}],"collection":[{"href":"https:\/\/elinformanteperu.com\/index.php\/wp-json\/wp\/v2\/posts"}],"about":[{"href":"https:\/\/elinformanteperu.com\/index.php\/wp-json\/wp\/v2\/types\/post"}],"author":[{"embeddable":true,"href":"https:\/\/elinformanteperu.com\/index.php\/wp-json\/wp\/v2\/users\/1"}],"replies":[{"embeddable":true,"href":"https:\/\/elinformanteperu.com\/index.php\/wp-json\/wp\/v2\/comments?post=97720"}],"version-history":[{"count":1,"href":"https:\/\/elinformanteperu.com\/index.php\/wp-json\/wp\/v2\/posts\/97720\/revisions"}],"predecessor-version":[{"id":97722,"href":"https:\/\/elinformanteperu.com\/index.php\/wp-json\/wp\/v2\/posts\/97720\/revisions\/97722"}],"wp:featuredmedia":[{"embeddable":true,"href":"https:\/\/elinformanteperu.com\/index.php\/wp-json\/wp\/v2\/media\/97721"}],"wp:attachment":[{"href":"https:\/\/elinformanteperu.com\/index.php\/wp-json\/wp\/v2\/media?parent=97720"}],"wp:term":[{"taxonomy":"category","embeddable":true,"href":"https:\/\/elinformanteperu.com\/index.php\/wp-json\/wp\/v2\/categories?post=97720"},{"taxonomy":"post_tag","embeddable":true,"href":"https:\/\/elinformanteperu.com\/index.php\/wp-json\/wp\/v2\/tags?post=97720"}],"curies":[{"name":"wp","href":"https:\/\/api.w.org\/{rel}","templated":true}]}}