{"id":97717,"date":"2021-05-14T00:37:20","date_gmt":"2021-05-14T05:37:20","guid":{"rendered":"https:\/\/elinformanteperu.com\/?p=97717"},"modified":"2021-05-14T00:40:27","modified_gmt":"2021-05-14T05:40:27","slug":"minsa-se-adelantara-vacunacion-contra-covid-19-de-mayores-de-60-anos","status":"publish","type":"post","link":"https:\/\/elinformanteperu.com\/index.php\/2021\/05\/14\/minsa-se-adelantara-vacunacion-contra-covid-19-de-mayores-de-60-anos\/","title":{"rendered":"Minsa: se adelantar\u00e1 vacunaci\u00f3n contra covid-19 de mayores de 60 a\u00f1os"},"content":{"rendered":"<p><strong><span style=\"color: #000000;\">\u00abTenemos capacidad para ampliar y seguir vacunando\u00bb, se\u00f1ala ministro Oscar Ugarte<\/span><\/strong><\/p>\n<p><span style=\"color: #000000;\"><strong>Lima, 13 Mayo, (ANDINA).-<\/strong> El ministro de Salud, Oscar Ugarte, inform\u00f3 que se adelantar\u00e1 la vacunaci\u00f3n contra el covid-19 de las personas mayores de 60 a\u00f1os a ra\u00edz de la llegada de m\u00e1s dosis al pa\u00eds y al avance en el ritmo de inmunizaci\u00f3n.<\/span><\/p>\n<p><span style=\"color: #000000;\">Ugarte explic\u00f3 dentro de 8 o 10 d\u00edas ya deber\u00eda estar culminando la vacunaci\u00f3n de los adultos mayores de 70 a\u00f1os, con lo cual el Gobierno, anot\u00f3, pasar\u00eda a vacunar a las personas mayores de 60 a\u00f1os.<\/span><\/p>\n<p><span style=\"color: #000000;\">\u00abTenemos capacidad para ampliar y seguir vacunando. En algunas regiones, como Lima, ya terminamos con los mayores de 80 a\u00f1os y en algunos lugares se termin\u00f3 con los mayores de 70 a\u00f1os. Por lo tanto, ya se entrar\u00e1 a vacunar a los mayores de 60. En el caso de Lima estamos yendo m\u00e1s r\u00e1pido de lo previsto\u00bb, refiri\u00f3 en RPP.<\/span><\/p>\n<p><span style=\"color: #000000;\">Las declaraciones de Ugarte se producen pocas horas despu\u00e9s de que el Gobierno recibiera un nuevo lote de 700,000 dosis de vacunas de la farmac\u00e9utica Pfizer. El ministro se\u00f1al\u00f3 que la pr\u00f3xima semana llegar\u00e1n otras 700 mil dosis m\u00e1s y que en junio arribar\u00e1n al Per\u00fa 790 mil cada semana.<\/span><\/p>\n<p><span style=\"color: #000000;\">Reconoci\u00f3 que son distintos los pedidos de organizaciones para priorizar la vacunaci\u00f3n de personas vulnerables frente al covid-19, pero dijo que todo ello es evaluado por un comit\u00e9 especial que toma decisiones t\u00e9cnicas y no pol\u00edticas, tal como ha ocurrido con los adultos mayores y personas con comorbilidades.<\/span><\/p>\n<p><span style=\"color: #000000;\">De otro lado, el titular de Salud inform\u00f3 que este viernes 14, al mediod\u00eda, su portafolio ofrecer\u00e1 una conferencia de prensa para dar a conocer los resultados de la investigaci\u00f3n sobre las denuncias ciudadanas de vacunaci\u00f3n con jeringas vac\u00edas.<\/span><\/p>\n","protected":false},"excerpt":{"rendered":"<p>\u00abTenemos capacidad para ampliar y seguir vacunando\u00bb, se\u00f1ala ministro Oscar Ugarte Lima, 13 Mayo, (ANDINA).- El ministro de Salud, Oscar Ugarte, inform\u00f3 que se adelantar\u00e1 la vacunaci\u00f3n contra el covid-19 de las personas mayores de 60 a\u00f1os a ra\u00edz de la llegada de m\u00e1s dosis al pa\u00eds y al avance en el ritmo de inmunizaci\u00f3n. [&hellip;]<\/p>\n","protected":false},"author":1,"featured_media":97718,"comment_status":"closed","ping_status":"closed","sticky":false,"template":"","format":"standard","meta":{"rop_custom_images_group":[],"rop_custom_messages_group":[],"rop_publish_now":"initial","rop_publish_now_accounts":[],"rop_publish_now_history":[],"rop_publish_now_status":"pending","footnotes":""},"categories":[10,5745],"tags":[388,431,5779,6364,5939],"class_list":["post-97717","post","type-post","status-publish","format-standard","has-post-thumbnail","hentry","category-actualidad-municipal","category-lo-ultimo","tag-ministerio-de-salud","tag-minsa","tag-oscar-ugarte","tag-pfizer","tag-vacunacion"],"_links":{"self":[{"href":"https:\/\/elinformanteperu.com\/index.php\/wp-json\/wp\/v2\/posts\/97717","targetHints":{"allow":["GET"]}}],"collection":[{"href":"https:\/\/elinformanteperu.com\/index.php\/wp-json\/wp\/v2\/posts"}],"about":[{"href":"https:\/\/elinformanteperu.com\/index.php\/wp-json\/wp\/v2\/types\/post"}],"author":[{"embeddable":true,"href":"https:\/\/elinformanteperu.com\/index.php\/wp-json\/wp\/v2\/users\/1"}],"replies":[{"embeddable":true,"href":"https:\/\/elinformanteperu.com\/index.php\/wp-json\/wp\/v2\/comments?post=97717"}],"version-history":[{"count":1,"href":"https:\/\/elinformanteperu.com\/index.php\/wp-json\/wp\/v2\/posts\/97717\/revisions"}],"predecessor-version":[{"id":97719,"href":"https:\/\/elinformanteperu.com\/index.php\/wp-json\/wp\/v2\/posts\/97717\/revisions\/97719"}],"wp:featuredmedia":[{"embeddable":true,"href":"https:\/\/elinformanteperu.com\/index.php\/wp-json\/wp\/v2\/media\/97718"}],"wp:attachment":[{"href":"https:\/\/elinformanteperu.com\/index.php\/wp-json\/wp\/v2\/media?parent=97717"}],"wp:term":[{"taxonomy":"category","embeddable":true,"href":"https:\/\/elinformanteperu.com\/index.php\/wp-json\/wp\/v2\/categories?post=97717"},{"taxonomy":"post_tag","embeddable":true,"href":"https:\/\/elinformanteperu.com\/index.php\/wp-json\/wp\/v2\/tags?post=97717"}],"curies":[{"name":"wp","href":"https:\/\/api.w.org\/{rel}","templated":true}]}}