{"id":97714,"date":"2021-05-14T00:34:27","date_gmt":"2021-05-14T05:34:27","guid":{"rendered":"https:\/\/elinformanteperu.com\/?p=97714"},"modified":"2021-05-14T00:34:27","modified_gmt":"2021-05-14T05:34:27","slug":"sindrome-de-down-vacunacion-sera-el-14-y-15-de-mayo-para-dni-que-terminen-en-2-o-3","status":"publish","type":"post","link":"https:\/\/elinformanteperu.com\/index.php\/2021\/05\/14\/sindrome-de-down-vacunacion-sera-el-14-y-15-de-mayo-para-dni-que-terminen-en-2-o-3\/","title":{"rendered":"S\u00edndrome de Down: vacunaci\u00f3n ser\u00e1 el 14 y 15 de mayo para DNI que terminen en 2 o 3"},"content":{"rendered":"<p><strong><span style=\"color: #000000;\">Minsa contin\u00faa proceso de inoculaci\u00f3n a grupo vulnerable frente a la pandemia<\/span><\/strong><\/p>\n<p><span style=\"color: #000000;\"><strong>Lima, 13 Mayo, (ANDINA).-<\/strong> Las personas mayores de 18 a\u00f1os con s\u00edndrome de Down, cuyo DNI termine con los d\u00edgitos 2 o 3, ser\u00e1n vacunadas contra el covid-19 este 14 y 15 de mayo en el punto de vacunaci\u00f3n m\u00e1s cercano a su domicilio, de acuerdo con el cronograma establecido por el Ministerio de Salud (Minsa).<\/span><\/p>\n<p><span style=\"color: #000000;\">La Direcci\u00f3n Ejecutiva de Inmunizaciones del Minsa informa que el objetivo es reducir el riesgo de hospitalizaci\u00f3n y mortalidad en este grupo poblacional, y recuerda a estas personas y a sus acompa\u00f1antes que, al acudir a los centros de vacunaci\u00f3n, conserven el distanciamiento f\u00edsico y usen doble mascarilla y protector facial.<\/span><\/p>\n<p><span style=\"color: #000000;\">Seg\u00fan el cronograma, tras vacunar a las personas con esta condici\u00f3n, cuyos DNI finalizan en el 0 o 1, los d\u00edas 11 y 12 de mayo; ahora, entre el 14 y 15 de mayo, viene el turno de las personas cuyos documentos de identidad terminen en 2 y 3. El 16 y 17 ser\u00e1n vacunados quienes tengan el DNI con 4 o 5 como \u00faltimos d\u00edgitos.<\/span><\/p>\n<p><span style=\"color: #000000;\">En tanto, el 18 y 19 pueden acudir las personas con identificaci\u00f3n que termine en 6 o 7. Finalmente, el 21 y 22 de mayo se vacunar\u00e1n a las personas cuyo DNI acabe en 8 o 9.<\/span><\/p>\n<p><span style=\"color: #000000;\">En el punto de vacunaci\u00f3n se procede a la identificaci\u00f3n de la persona con s\u00edndrome de Down con su DNI, y de encontrarse indocumentado, se le da un c\u00f3digo de identificaci\u00f3n. No debe presentar el carn\u00e9 del Consejo Nacional para la Integraci\u00f3n de la Persona con Discapacidad (Conadis).<\/span><\/p>\n<p><span style=\"color: #000000;\">Luego de pasar por el \u00e1rea de Admisi\u00f3n, ingresa a la zona de triaje, donde se le mide la temperatura y entrega el formato de consentimiento informado para que sea llenado y firmado; el familiar o cuidador tambi\u00e9n puede incluir su r\u00fabrica en este documento.<\/span><\/p>\n<p><span style=\"color: #000000;\">Posteriormente, se le deriva al m\u00f3dulo de vacunaci\u00f3n donde el personal de salud le explica la t\u00e9cnica de vacunaci\u00f3n y el tipo de vacuna a administrar. Finalmente, aplica la dosis de la vacuna y precisa tanto a la persona como a su familiar o cuidador la fecha de la pr\u00f3xima dosis. Asimismo, entrega el carn\u00e9 de vacunaci\u00f3n.<\/span><\/p>\n<p><span style=\"color: #000000;\">Tras recibir el biol\u00f3gico, la persona con esta condici\u00f3n ingresa a la zona de descanso donde debe permanecer alrededor de 30 minutos para evaluar alguna reacci\u00f3n de la vacuna. Si todo est\u00e1 bien, procede a retirarse junto con su familiar.<\/span><\/p>\n<p><span style=\"color: #000000;\">Cabe resaltar que las personas con s\u00edndrome de Down tienen una elevada prevalencia de cardiopat\u00eda cong\u00e9nita e hipertensi\u00f3n pulmonar, por lo que afrontan altos niveles de riesgo ante la covid-19.<\/span><\/p>\n","protected":false},"excerpt":{"rendered":"<p>Minsa contin\u00faa proceso de inoculaci\u00f3n a grupo vulnerable frente a la pandemia Lima, 13 Mayo, (ANDINA).- Las personas mayores de 18 a\u00f1os con s\u00edndrome de Down, cuyo DNI termine con los d\u00edgitos 2 o 3, ser\u00e1n vacunadas contra el covid-19 este 14 y 15 de mayo en el punto de vacunaci\u00f3n m\u00e1s cercano a su [&hellip;]<\/p>\n","protected":false},"author":1,"featured_media":97715,"comment_status":"closed","ping_status":"closed","sticky":false,"template":"","format":"standard","meta":{"rop_custom_images_group":[],"rop_custom_messages_group":[],"rop_publish_now":"initial","rop_publish_now_accounts":[],"rop_publish_now_history":[],"rop_publish_now_status":"pending","footnotes":""},"categories":[10],"tags":[6322,388,431,6494,5939],"class_list":["post-97714","post","type-post","status-publish","format-standard","has-post-thumbnail","hentry","category-actualidad-municipal","tag-covid-segunda-ola","tag-ministerio-de-salud","tag-minsa","tag-sindrome-de-down","tag-vacunacion"],"_links":{"self":[{"href":"https:\/\/elinformanteperu.com\/index.php\/wp-json\/wp\/v2\/posts\/97714","targetHints":{"allow":["GET"]}}],"collection":[{"href":"https:\/\/elinformanteperu.com\/index.php\/wp-json\/wp\/v2\/posts"}],"about":[{"href":"https:\/\/elinformanteperu.com\/index.php\/wp-json\/wp\/v2\/types\/post"}],"author":[{"embeddable":true,"href":"https:\/\/elinformanteperu.com\/index.php\/wp-json\/wp\/v2\/users\/1"}],"replies":[{"embeddable":true,"href":"https:\/\/elinformanteperu.com\/index.php\/wp-json\/wp\/v2\/comments?post=97714"}],"version-history":[{"count":1,"href":"https:\/\/elinformanteperu.com\/index.php\/wp-json\/wp\/v2\/posts\/97714\/revisions"}],"predecessor-version":[{"id":97716,"href":"https:\/\/elinformanteperu.com\/index.php\/wp-json\/wp\/v2\/posts\/97714\/revisions\/97716"}],"wp:featuredmedia":[{"embeddable":true,"href":"https:\/\/elinformanteperu.com\/index.php\/wp-json\/wp\/v2\/media\/97715"}],"wp:attachment":[{"href":"https:\/\/elinformanteperu.com\/index.php\/wp-json\/wp\/v2\/media?parent=97714"}],"wp:term":[{"taxonomy":"category","embeddable":true,"href":"https:\/\/elinformanteperu.com\/index.php\/wp-json\/wp\/v2\/categories?post=97714"},{"taxonomy":"post_tag","embeddable":true,"href":"https:\/\/elinformanteperu.com\/index.php\/wp-json\/wp\/v2\/tags?post=97714"}],"curies":[{"name":"wp","href":"https:\/\/api.w.org\/{rel}","templated":true}]}}