{"id":97679,"date":"2021-05-13T23:01:54","date_gmt":"2021-05-14T04:01:54","guid":{"rendered":"https:\/\/elinformanteperu.com\/?p=97679"},"modified":"2021-05-13T23:01:54","modified_gmt":"2021-05-14T04:01:54","slug":"estadio-centenario-sede-de-las-finales-de-la-sudamericana-y-libertadores","status":"publish","type":"post","link":"https:\/\/elinformanteperu.com\/index.php\/2021\/05\/13\/estadio-centenario-sede-de-las-finales-de-la-sudamericana-y-libertadores\/","title":{"rendered":"Estadio Centenario, sede de las finales de la Sudamericana y Libertadores"},"content":{"rendered":"<p><strong><span style=\"color: #000000;\">El m\u00edtico escenario deportivo uruguayo fue designado por la Conmebol<\/span><\/strong><\/p>\n<p><span style=\"color: #000000;\"><strong>Lima, 13 Mayo, (ANDINA).-<\/strong> El m\u00edtico estadio Centenario de Montevideo ser\u00e1 la sede de las finales \u00fanicas de las copas Sudamericana y Libertadores del 2021, ambas en noviembre pr\u00f3ximo, anunci\u00f3 la Conmebol.<\/span><\/p>\n<p><span style=\"color: #000000;\">El partido decisivo de la Sudamericana se jugar\u00e1 el s\u00e1bado 6 de noviembre y el de la Libertadores, el s\u00e1bado 20 de noviembre.<\/span><\/p>\n<p><span style=\"color: #000000;\">A la vez, el ente rector del f\u00fatbol regional tambi\u00e9n resolvi\u00f3 que la final de la Copa Libertadores 2022 se dispute en el estadio Barcelona de Guayaquil y la de la Copa Sudamericana del a\u00f1o pr\u00f3ximo en la arena Man\u00e9 Garrincha de Brasilia, una de las sedes del Mundial 2014.<\/span><\/p>\n<p><span style=\"color: #000000;\">\u00abLa buena situaci\u00f3n sanitaria proyectada para noviembre en Uruguay, pa\u00eds que planea vacunar a un alto porcentaje de su poblaci\u00f3n en julio, fue determinante para la decisi\u00f3n en un a\u00f1o excepcional condicionado por la pandemia\u00bb, se\u00f1al\u00f3 en un tuit la Conmebol, en el marco de una reuni\u00f3n virtual de su consejo.<\/span><\/p>\n<p><span style=\"color: #000000;\">Uruguay, con 3.5 millones de habitantes, es uno de los pa\u00edses sudamericanos que m\u00e1s ha avanzado en la vacunaci\u00f3n contra el covid-19, aunque sigue siendo alto el ritmo del contagio diario, al igual que en la mayor\u00eda de los pa\u00edses de la regi\u00f3n.<\/span><\/p>\n<p><span style=\"color: #000000;\">Desde que fueron implementadas las finales \u00fanicas de ambas competiciones de clubes el 2019, ser\u00e1 la primera vez que ambos partidos definitorios se jueguen en un mismo estadio.<\/span><\/p>\n<p><span style=\"color: #000000;\">El Centenario, declarado monumento del f\u00fatbol mundial por la FIFA, alberg\u00f3 la final del Mundial 1930 que gan\u00f3 Uruguay.<\/span><\/p>\n<p><span style=\"color: #000000;\">Seg\u00fan la Conmebol, la designaci\u00f3n del Centenario apunta al \u00abrelanzamiento del estadio, en el marco de la candidatura sudamericana para la Copa del Mundo 2030\u00bb.<\/span><\/p>\n<p><span style=\"color: #000000;\">Uruguay, Argentina, Paraguay y Chile se postulan como coorganizadores del Mundial 2030, a un siglo de la primera cita m\u00e1xima que se disput\u00f3 en Montevideo.<\/span><\/p>\n<p><span style=\"color: #000000;\">La reuni\u00f3n virtual de la Conmebol tambi\u00e9n debate la marcha de la organizaci\u00f3n de la Copa Am\u00e9rica, en el marco de la situaci\u00f3n de la pandemia y la situaci\u00f3n social en Colombia, uno de los organizadores junto a Argentina.<\/span><\/p>\n<blockquote class=\"twitter-tweet\">\n<p dir=\"ltr\" lang=\"es\">Montevideo \ud83c\uddfa\ud83c\uddfe ser\u00e1 la sede de las finales \u00fanicas de la <a href=\"https:\/\/twitter.com\/CONMEBOL?ref_src=twsrc%5Etfw\">@CONMEBOL<\/a> \u26bd\ufe0f\ud83c\udfc6<\/p>\n<p>\u27a1\ufe0fToda la informaci\u00f3n \ud83d\udd17 <a href=\"https:\/\/t.co\/sfdjwiJVOc\">https:\/\/t.co\/sfdjwiJVOc<\/a> <a href=\"https:\/\/t.co\/dmcrwxBI92\">pic.twitter.com\/dmcrwxBI92<\/a><\/p>\n<p>\u2014 CONMEBOL Media (@ConmebolMedia) <a href=\"https:\/\/twitter.com\/ConmebolMedia\/status\/1392871389380612096?ref_src=twsrc%5Etfw\">May 13, 2021<\/a><\/p><\/blockquote>\n<p><script async src=\"https:\/\/platform.twitter.com\/widgets.js\" charset=\"utf-8\"><\/script><\/p>\n","protected":false},"excerpt":{"rendered":"<p>El m\u00edtico escenario deportivo uruguayo fue designado por la Conmebol Lima, 13 Mayo, (ANDINA).- El m\u00edtico estadio Centenario de Montevideo ser\u00e1 la sede de las finales \u00fanicas de las copas Sudamericana y Libertadores del 2021, ambas en noviembre pr\u00f3ximo, anunci\u00f3 la Conmebol. El partido decisivo de la Sudamericana se jugar\u00e1 el s\u00e1bado 6 de noviembre [&hellip;]<\/p>\n","protected":false},"author":1,"featured_media":97680,"comment_status":"closed","ping_status":"closed","sticky":false,"template":"","format":"standard","meta":{"rop_custom_images_group":[],"rop_custom_messages_group":[],"rop_publish_now":"initial","rop_publish_now_accounts":[],"rop_publish_now_history":[],"rop_publish_now_status":"pending","footnotes":""},"categories":[8],"tags":[6258,6196,6501],"class_list":["post-97679","post","type-post","status-publish","format-standard","has-post-thumbnail","hentry","category-disciplinas-deportivas","tag-copa-libertadores-2021","tag-copa-sudamericana-2021","tag-estadio-centenario-de-montevideo"],"_links":{"self":[{"href":"https:\/\/elinformanteperu.com\/index.php\/wp-json\/wp\/v2\/posts\/97679","targetHints":{"allow":["GET"]}}],"collection":[{"href":"https:\/\/elinformanteperu.com\/index.php\/wp-json\/wp\/v2\/posts"}],"about":[{"href":"https:\/\/elinformanteperu.com\/index.php\/wp-json\/wp\/v2\/types\/post"}],"author":[{"embeddable":true,"href":"https:\/\/elinformanteperu.com\/index.php\/wp-json\/wp\/v2\/users\/1"}],"replies":[{"embeddable":true,"href":"https:\/\/elinformanteperu.com\/index.php\/wp-json\/wp\/v2\/comments?post=97679"}],"version-history":[{"count":1,"href":"https:\/\/elinformanteperu.com\/index.php\/wp-json\/wp\/v2\/posts\/97679\/revisions"}],"predecessor-version":[{"id":97681,"href":"https:\/\/elinformanteperu.com\/index.php\/wp-json\/wp\/v2\/posts\/97679\/revisions\/97681"}],"wp:featuredmedia":[{"embeddable":true,"href":"https:\/\/elinformanteperu.com\/index.php\/wp-json\/wp\/v2\/media\/97680"}],"wp:attachment":[{"href":"https:\/\/elinformanteperu.com\/index.php\/wp-json\/wp\/v2\/media?parent=97679"}],"wp:term":[{"taxonomy":"category","embeddable":true,"href":"https:\/\/elinformanteperu.com\/index.php\/wp-json\/wp\/v2\/categories?post=97679"},{"taxonomy":"post_tag","embeddable":true,"href":"https:\/\/elinformanteperu.com\/index.php\/wp-json\/wp\/v2\/tags?post=97679"}],"curies":[{"name":"wp","href":"https:\/\/api.w.org\/{rel}","templated":true}]}}