{"id":97676,"date":"2021-05-13T22:51:00","date_gmt":"2021-05-14T03:51:00","guid":{"rendered":"https:\/\/elinformanteperu.com\/?p=97676"},"modified":"2021-05-13T22:51:00","modified_gmt":"2021-05-14T03:51:00","slug":"covid-19-minsa-suspende-proceso-de-vacunacion-a-la-seleccion-peruana-de-futbol","status":"publish","type":"post","link":"https:\/\/elinformanteperu.com\/index.php\/2021\/05\/13\/covid-19-minsa-suspende-proceso-de-vacunacion-a-la-seleccion-peruana-de-futbol\/","title":{"rendered":"Covid-19: Minsa suspende proceso de vacunaci\u00f3n a la selecci\u00f3n peruana de f\u00fatbol"},"content":{"rendered":"<p><span style=\"color: #000000;\"><strong>Lima, 13 Mayo, (ANDINA).-<\/strong> El Ministerio de Salud (Minsa) suspendi\u00f3 la vacunaci\u00f3n contra el covid-19 que estaba programada para hoy a los jugadores y comando t\u00e9cnico de la selecci\u00f3n peruana de f\u00fatbol que participar\u00e1 en la Copa Am\u00e9rica, inform\u00f3 el titular del sector, \u00d3scar Ugarte.<\/span><\/p>\n<p><span style=\"color: #000000;\">Seg\u00fan inform\u00f3 RPP, Ugarte Ubilluz precis\u00f3 que durante la jornada de hoy se va a celebrar una reuni\u00f3n con el Comit\u00e9 de \u00c9tica del Minsa, para analizar el tema de la vacunaci\u00f3n de la selecci\u00f3n peruana.<\/span><\/p>\n<p><img fetchpriority=\"high\" decoding=\"async\" class=\"aligncenter size-full wp-image-84140\" src=\"https:\/\/elinformanteperu.com\/wp-content\/uploads\/2020\/10\/seleccion-entrenamientos44.jpg\" alt=\"\" width=\"1800\" height=\"1117\" srcset=\"https:\/\/elinformanteperu.com\/wp-content\/uploads\/2020\/10\/seleccion-entrenamientos44.jpg 1800w, https:\/\/elinformanteperu.com\/wp-content\/uploads\/2020\/10\/seleccion-entrenamientos44-300x186.jpg 300w, https:\/\/elinformanteperu.com\/wp-content\/uploads\/2020\/10\/seleccion-entrenamientos44-1024x635.jpg 1024w, https:\/\/elinformanteperu.com\/wp-content\/uploads\/2020\/10\/seleccion-entrenamientos44-768x477.jpg 768w, https:\/\/elinformanteperu.com\/wp-content\/uploads\/2020\/10\/seleccion-entrenamientos44-1536x953.jpg 1536w\" sizes=\"(max-width: 1800px) 100vw, 1800px\" \/><\/p>\n","protected":false},"excerpt":{"rendered":"<p>Lima, 13 Mayo, (ANDINA).- El Ministerio de Salud (Minsa) suspendi\u00f3 la vacunaci\u00f3n contra el covid-19 que estaba programada para hoy a los jugadores y comando t\u00e9cnico de la selecci\u00f3n peruana de f\u00fatbol que participar\u00e1 en la Copa Am\u00e9rica, inform\u00f3 el titular del sector, \u00d3scar Ugarte. Seg\u00fan inform\u00f3 RPP, Ugarte Ubilluz precis\u00f3 que durante la jornada [&hellip;]<\/p>\n","protected":false},"author":1,"featured_media":97677,"comment_status":"closed","ping_status":"closed","sticky":false,"template":"","format":"standard","meta":{"rop_custom_images_group":[],"rop_custom_messages_group":[],"rop_publish_now":"initial","rop_publish_now_accounts":[],"rop_publish_now_history":[],"rop_publish_now_status":"pending","footnotes":""},"categories":[8],"tags":[205,388,431,137],"class_list":["post-97676","post","type-post","status-publish","format-standard","has-post-thumbnail","hentry","category-disciplinas-deportivas","tag-fpf","tag-ministerio-de-salud","tag-minsa","tag-seleccion-peruana"],"_links":{"self":[{"href":"https:\/\/elinformanteperu.com\/index.php\/wp-json\/wp\/v2\/posts\/97676","targetHints":{"allow":["GET"]}}],"collection":[{"href":"https:\/\/elinformanteperu.com\/index.php\/wp-json\/wp\/v2\/posts"}],"about":[{"href":"https:\/\/elinformanteperu.com\/index.php\/wp-json\/wp\/v2\/types\/post"}],"author":[{"embeddable":true,"href":"https:\/\/elinformanteperu.com\/index.php\/wp-json\/wp\/v2\/users\/1"}],"replies":[{"embeddable":true,"href":"https:\/\/elinformanteperu.com\/index.php\/wp-json\/wp\/v2\/comments?post=97676"}],"version-history":[{"count":1,"href":"https:\/\/elinformanteperu.com\/index.php\/wp-json\/wp\/v2\/posts\/97676\/revisions"}],"predecessor-version":[{"id":97678,"href":"https:\/\/elinformanteperu.com\/index.php\/wp-json\/wp\/v2\/posts\/97676\/revisions\/97678"}],"wp:featuredmedia":[{"embeddable":true,"href":"https:\/\/elinformanteperu.com\/index.php\/wp-json\/wp\/v2\/media\/97677"}],"wp:attachment":[{"href":"https:\/\/elinformanteperu.com\/index.php\/wp-json\/wp\/v2\/media?parent=97676"}],"wp:term":[{"taxonomy":"category","embeddable":true,"href":"https:\/\/elinformanteperu.com\/index.php\/wp-json\/wp\/v2\/categories?post=97676"},{"taxonomy":"post_tag","embeddable":true,"href":"https:\/\/elinformanteperu.com\/index.php\/wp-json\/wp\/v2\/tags?post=97676"}],"curies":[{"name":"wp","href":"https:\/\/api.w.org\/{rel}","templated":true}]}}