{"id":97503,"date":"2021-05-11T20:35:51","date_gmt":"2021-05-12T01:35:51","guid":{"rendered":"https:\/\/elinformanteperu.com\/?p=97503"},"modified":"2021-05-11T20:35:51","modified_gmt":"2021-05-12T01:35:51","slug":"guardiola-un-tecnico-que-se-reencontro-para-devolver-al-city-a-lo-mas-alto","status":"publish","type":"post","link":"https:\/\/elinformanteperu.com\/index.php\/2021\/05\/11\/guardiola-un-tecnico-que-se-reencontro-para-devolver-al-city-a-lo-mas-alto\/","title":{"rendered":"Guardiola, un t\u00e9cnico que se reencontr\u00f3 para devolver al City a lo m\u00e1s alto"},"content":{"rendered":"<p><span style=\"color: #000000;\"><strong>Manchester, 11 Mayo, (ANDINA).-<\/strong> En una temporada fuera de lo normal marcada por la pandemia de covid-19, el entrenador espa\u00f1ol Pep Guardiola ha devuelto al Manchester City a lo m\u00e1s alto de la Premier League sin renunciar nunca a sus principios, m\u00e1s bien al contrario.<\/span><\/p>\n<p><span style=\"color: #000000;\">El 29 de mayo en Estambul, en la final de la Liga de Campeones contra el Chelsea, tendr\u00e1 la ocasi\u00f3n de entrar a formar parte del reducido club (6) de t\u00e9cnicos que han ganado la &#8216;Orejona&#8217; con dos equipos diferentes.<\/span><\/p>\n<p><span style=\"color: #000000;\">Guardiola concluy\u00f3 el ejercicio 2019-2020 a la sombra del triunfo liguero del Liverpool y dolido por la brutal eliminaci\u00f3n en cuartos de final de la Liga de Campeones ante el Lyon (3-1), luego de una nueva apuesta t\u00e1ctica fallida.<\/span><\/p>\n<p><span style=\"color: #000000;\">Despu\u00e9s de una pretemporada recortada, inici\u00f3 su \u00faltimo a\u00f1o de contrato sin muchas certezas.<\/span><\/p>\n<p><span style=\"color: #000000;\">El intelectual del f\u00fatbol, el entrenador con miles de disposiciones t\u00e1cticas, parec\u00eda que ya no encontraba la f\u00f3rmula para que su equipo volviera a ser dominante.<\/span><\/p>\n<p><span style=\"color: #000000;\">El inicio de temporada no ayud\u00f3 en absoluto. Era 13\u00ba a ocho puntos de los l\u00edderes Tottenham y Liverpool, col\u00edderes luego de una derrota contra los &#8216;Spurs&#8217; (2-0) a finales de noviembre. Pero el punto de inflexi\u00f3n lleg\u00f3 cuatro jornadas m\u00e1s tarde con un empate frente al West Bromwich (1-1).<\/span><\/p>\n<p><span style=\"color: #000000;\">\u00abSent\u00eda que no era un equipo en el que me reconoc\u00eda. No me gustaba lo que ve\u00eda\u00bb, explic\u00f3 en la web del club en febrero.<\/span><\/p>\n<p><strong><span style=\"color: #000000;\">&#8216;Revoluci\u00f3n&#8217; terminada<\/span><\/strong><\/p>\n<p><span style=\"color: #000000;\">Lejos de poner todo patas arriba, fue a buscar las soluciones en lo que cree m\u00e1s profundamente.<\/span><\/p>\n<p><span style=\"color: #000000;\">\u00bfUna \u00abrevoluci\u00f3n\u00bb? S\u00ed, pero como cuando un planeta completa la trayectoria de su \u00f3rbita, volviendo a su posici\u00f3n de partida.<\/span><\/p>\n<p><span style=\"color: #000000;\">Guardiola se bas\u00f3 en los principios que le inculcaron en el FC Barcelona, donde se form\u00f3, jug\u00f3 la mayor parte de su carrera y debut\u00f3 como entrenador con el equipo filial en 2007.<\/span><\/p>\n<p><span style=\"color: #000000;\">Ascendido a la banca del primer equipo al a\u00f1o siguiente, el espa\u00f1ol conquist\u00f3 14 t\u00edtulos, incluidas dos &#8216;Champions&#8217; y tres Ligas, en la que es considerada como &#8216;la edad de oro&#8217; del conjunto azulgrana (2008-2012), marcada a su vez por la eclosi\u00f3n del argentino Lionel Messi.<\/span><\/p>\n<p><span style=\"color: #000000;\">Despu\u00e9s de un a\u00f1o sab\u00e1tico, desembarc\u00f3 en el Bayern de M\u00fanich tras el triplete hist\u00f3rico de Jupp Heynckes.<\/span><\/p>\n<p><span style=\"color: #000000;\">Tres campa\u00f1as (2013-2016) de numerosos experimentos t\u00e1cticos para ver si pod\u00eda instalar en todas partes su juego de pases r\u00e1pidos, esquemas asim\u00e9tricos&#8230;<\/span><\/p>\n<p><span style=\"color: #000000;\">Fue una etapa incontestablemente exitosa -tres Bundesligas, dos Copas de Alemania, una Supercopa de Europa y un Mundial de clubes- pese a la sombra de las tres eliminaciones en semifinales de la &#8216;Champions&#8217; contra Real Madrid, Barcelona y Atl\u00e9tico de Madrid.<\/span><\/p>\n<p><span style=\"color: #000000;\">De M\u00fanich parti\u00f3 en direcci\u00f3n a la aventura inglesa en 2016, en un ambiente muy azulgrana por la presencia de Txiki Begiristain y Ferran Soriano como director de f\u00fatbol y presidente respectivamente.<\/span><\/p>\n<blockquote class=\"twitter-tweet\">\n<p dir=\"ltr\" lang=\"es\">\ud83e\udd2f\ud83d\ude31 El palmar\u00e9s de Pep Guardiola&#8230; \u00a1QU\u00c9 LOCURA!<\/p>\n<p>\ud83c\uddea\ud83c\uddf8 x3 <a href=\"https:\/\/twitter.com\/hashtag\/LaLiga?src=hash&amp;ref_src=twsrc%5Etfw\">#LaLiga<\/a><br \/>\n\ud83c\udf96\ufe0f x3 Supercopa de Espa\u00f1a<br \/>\n\ud83d\udc51 x2 Copa del Rey<br \/>\n\ud83c\udde9\ud83c\uddea x3 Bundesliga<br \/>\n\ud83c\udfc5 x2 Copa alemana<br \/>\n\ud83c\udff4\udb40\udc67\udb40\udc62\udb40\udc65\udb40\udc6e\udb40\udc67\udb40\udc7f x3 Premier<br \/>\n\ud83c\uddec\ud83c\udde7 x4 Copa inglesa<br \/>\n\u26bd\ufe0f x2 Community Shield<br \/>\n\u203c\ufe0f x1 FA Cup<br \/>\n\ud83c\udfc6 x2 <a href=\"https:\/\/twitter.com\/hashtag\/UCL?src=hash&amp;ref_src=twsrc%5Etfw\">#UCL<\/a><br \/>\n\ud83c\udf10 x3 Mundial de clubes<br \/>\n\ud83c\uddea\ud83c\uddfa x3 Supercopa UEFA <a href=\"https:\/\/t.co\/Q6dp7soxdy\">pic.twitter.com\/Q6dp7soxdy<\/a><\/p>\n<p>\u2014 Carrusel Deportivo (@carrusel) <a href=\"https:\/\/twitter.com\/carrusel\/status\/1392193080644755468?ref_src=twsrc%5Etfw\">May 11, 2021<\/a><\/p><\/blockquote>\n<p><script async src=\"https:\/\/platform.twitter.com\/widgets.js\" charset=\"utf-8\"><\/script><\/p>\n","protected":false},"excerpt":{"rendered":"<p>Manchester, 11 Mayo, (ANDINA).- En una temporada fuera de lo normal marcada por la pandemia de covid-19, el entrenador espa\u00f1ol Pep Guardiola ha devuelto al Manchester City a lo m\u00e1s alto de la Premier League sin renunciar nunca a sus principios, m\u00e1s bien al contrario. El 29 de mayo en Estambul, en la final de [&hellip;]<\/p>\n","protected":false},"author":1,"featured_media":97504,"comment_status":"closed","ping_status":"closed","sticky":false,"template":"","format":"standard","meta":{"rop_custom_images_group":[],"rop_custom_messages_group":[],"rop_publish_now":"initial","rop_publish_now_accounts":[],"rop_publish_now_history":[],"rop_publish_now_status":"pending","footnotes":""},"categories":[8],"tags":[2351,1610],"class_list":["post-97503","post","type-post","status-publish","format-standard","has-post-thumbnail","hentry","category-disciplinas-deportivas","tag-manchester-city","tag-premier-league"],"_links":{"self":[{"href":"https:\/\/elinformanteperu.com\/index.php\/wp-json\/wp\/v2\/posts\/97503","targetHints":{"allow":["GET"]}}],"collection":[{"href":"https:\/\/elinformanteperu.com\/index.php\/wp-json\/wp\/v2\/posts"}],"about":[{"href":"https:\/\/elinformanteperu.com\/index.php\/wp-json\/wp\/v2\/types\/post"}],"author":[{"embeddable":true,"href":"https:\/\/elinformanteperu.com\/index.php\/wp-json\/wp\/v2\/users\/1"}],"replies":[{"embeddable":true,"href":"https:\/\/elinformanteperu.com\/index.php\/wp-json\/wp\/v2\/comments?post=97503"}],"version-history":[{"count":1,"href":"https:\/\/elinformanteperu.com\/index.php\/wp-json\/wp\/v2\/posts\/97503\/revisions"}],"predecessor-version":[{"id":97505,"href":"https:\/\/elinformanteperu.com\/index.php\/wp-json\/wp\/v2\/posts\/97503\/revisions\/97505"}],"wp:featuredmedia":[{"embeddable":true,"href":"https:\/\/elinformanteperu.com\/index.php\/wp-json\/wp\/v2\/media\/97504"}],"wp:attachment":[{"href":"https:\/\/elinformanteperu.com\/index.php\/wp-json\/wp\/v2\/media?parent=97503"}],"wp:term":[{"taxonomy":"category","embeddable":true,"href":"https:\/\/elinformanteperu.com\/index.php\/wp-json\/wp\/v2\/categories?post=97503"},{"taxonomy":"post_tag","embeddable":true,"href":"https:\/\/elinformanteperu.com\/index.php\/wp-json\/wp\/v2\/tags?post=97503"}],"curies":[{"name":"wp","href":"https:\/\/api.w.org\/{rel}","templated":true}]}}