{"id":9747,"date":"2017-05-09T00:13:12","date_gmt":"2017-05-09T05:13:12","guid":{"rendered":"http:\/\/elinformanteperu.com\/?p=9747"},"modified":"2017-05-09T00:13:12","modified_gmt":"2017-05-09T05:13:12","slug":"gore-ejecutivo-estan-dando-buenos-resultados-de-cooperacion-asegura-mandatario","status":"publish","type":"post","link":"https:\/\/elinformanteperu.com\/index.php\/2017\/05\/09\/gore-ejecutivo-estan-dando-buenos-resultados-de-cooperacion-asegura-mandatario\/","title":{"rendered":"Gore Ejecutivo est\u00e1n dando buenos resultados de cooperaci\u00f3n, asegura mandatario"},"content":{"rendered":"<p><strong><span style=\"color: #000000;\">Las reuniones entre el Gobierno Central y los gobiernos regionales (Gore-Ejecutivo) est\u00e1n dando buenos resultados de cooperaci\u00f3n, destac\u00f3 el presidente Kuczynski.<\/span><\/strong><\/p>\n<p><span style=\"color: #000000;\"><strong>Lima, 08 Mayo 2017, (ANDINA).-<\/strong> Las reuniones entre el Gobierno Central y los gobiernos regionales (Gore-Ejecutivo) est\u00e1n dando buenos resultados de cooperaci\u00f3n, destac\u00f3 el presidente de la Rep\u00fablica, Pedro Pablo Kuczynski, al dar inicio a la cuarta de estas reuniones.<\/span><\/p>\n<p><span style=\"color: #000000;\">El jefe del Estado indic\u00f3 a los 25 gobernadores regionales que participan en esta cita, que el Fen\u00f3meno del Ni\u00f1o Costero, el cual provoc\u00f3 huaicos e inundaciones, ya pas\u00f3 y que ahora el pa\u00eds enfrenta otros alteraciones clim\u00e1ticas, como las heladas y el friaje.<\/span><\/p>\n<p><span style=\"color: #000000;\">Kuczynski destac\u00f3 tambi\u00e9n los mecanismos de participaci\u00f3n que hay con los alcaldes y los mancomunidades, que son agrupaciones voluntarias de municipalidades o de gobiernos regionales.<\/span><\/p>\n<p><span style=\"color: #000000;\">\u201cTodo este proceso lo ha lanzado este gobierno, no solo (tenemos) el Gore-Ejecutivo, sino tambi\u00e9n las mancomunidades que son asociaciones voluntarias de regiones que se han juntado porque desean hacerlo, no porque hay una ley. El Per\u00fa se organiza de manera natural y esto es importante\u201d, indic\u00f3.<\/span><\/p>\n<p><span style=\"color: #000000;\">El primer mandatario inform\u00f3 que este IV Gore-Ejecutivo tendr\u00e1 un d\u00eda y medio de trabajo y terminar\u00e1 ma\u00f1ana con un almuerzo en Palacio de Gobierno.<\/span><\/p>\n<p><span style=\"color: #000000;\">Sostuvo que el jefe de la Autoridad de la Reconstrucci\u00f3n con Cambios, Pablo de la Flor, explicar\u00e1 su plan de trabajo a las autoridades regionales, un proceso que se realizar\u00e1 en etapas.<\/span><\/p>\n<p><span style=\"color: #000000;\">\u201cHay cosas que ya se saben perfectamente, lo que se tiene que hacer en pistas y puentes, pero hay otras, m\u00e1s complicadas como el tema de donde se reconstruyen las casas para que no se pongan en quebradas o zonas inundables\u201d, refiri\u00f3.<\/span><\/p>\n<p><span style=\"color: #000000;\">Explic\u00f3 tambi\u00e9n que el Gobierno presentar\u00e1 al Congreso un proyecto de ley para impulsar la canalizaci\u00f3n de los r\u00edos a cambio de las tierras que se ganen, que pueden ser destinadas al cultivo o a zonas urbanas seguras.<\/span><\/p>\n","protected":false},"excerpt":{"rendered":"<p>Las reuniones entre el Gobierno Central y los gobiernos regionales (Gore-Ejecutivo) est\u00e1n dando buenos resultados de cooperaci\u00f3n, destac\u00f3 el presidente Kuczynski. Lima, 08 Mayo 2017, (ANDINA).- Las reuniones entre el Gobierno Central y los gobiernos regionales (Gore-Ejecutivo) est\u00e1n dando buenos resultados de cooperaci\u00f3n, destac\u00f3 el presidente de la Rep\u00fablica, Pedro Pablo Kuczynski, al dar inicio [&hellip;]<\/p>\n","protected":false},"author":1,"featured_media":9748,"comment_status":"open","ping_status":"open","sticky":false,"template":"","format":"standard","meta":{"rop_custom_images_group":[],"rop_custom_messages_group":[],"rop_publish_now":"initial","rop_publish_now_accounts":[],"rop_publish_now_history":[],"rop_publish_now_status":"pending","footnotes":""},"categories":[5],"tags":[1538,74],"class_list":["post-9747","post","type-post","status-publish","format-standard","has-post-thumbnail","hentry","category-actualidad-informativa","tag-iv-gore-ejecutivo","tag-pedro-pablo-kuczynski"],"_links":{"self":[{"href":"https:\/\/elinformanteperu.com\/index.php\/wp-json\/wp\/v2\/posts\/9747","targetHints":{"allow":["GET"]}}],"collection":[{"href":"https:\/\/elinformanteperu.com\/index.php\/wp-json\/wp\/v2\/posts"}],"about":[{"href":"https:\/\/elinformanteperu.com\/index.php\/wp-json\/wp\/v2\/types\/post"}],"author":[{"embeddable":true,"href":"https:\/\/elinformanteperu.com\/index.php\/wp-json\/wp\/v2\/users\/1"}],"replies":[{"embeddable":true,"href":"https:\/\/elinformanteperu.com\/index.php\/wp-json\/wp\/v2\/comments?post=9747"}],"version-history":[{"count":1,"href":"https:\/\/elinformanteperu.com\/index.php\/wp-json\/wp\/v2\/posts\/9747\/revisions"}],"predecessor-version":[{"id":9749,"href":"https:\/\/elinformanteperu.com\/index.php\/wp-json\/wp\/v2\/posts\/9747\/revisions\/9749"}],"wp:featuredmedia":[{"embeddable":true,"href":"https:\/\/elinformanteperu.com\/index.php\/wp-json\/wp\/v2\/media\/9748"}],"wp:attachment":[{"href":"https:\/\/elinformanteperu.com\/index.php\/wp-json\/wp\/v2\/media?parent=9747"}],"wp:term":[{"taxonomy":"category","embeddable":true,"href":"https:\/\/elinformanteperu.com\/index.php\/wp-json\/wp\/v2\/categories?post=9747"},{"taxonomy":"post_tag","embeddable":true,"href":"https:\/\/elinformanteperu.com\/index.php\/wp-json\/wp\/v2\/tags?post=9747"}],"curies":[{"name":"wp","href":"https:\/\/api.w.org\/{rel}","templated":true}]}}