{"id":9741,"date":"2017-05-09T00:01:28","date_gmt":"2017-05-09T05:01:28","guid":{"rendered":"http:\/\/elinformanteperu.com\/?p=9741"},"modified":"2017-05-09T00:01:28","modified_gmt":"2017-05-09T05:01:28","slug":"mtc-atendio-a-19-gobiernos-regionales-en-iv-gore-ejecutivo","status":"publish","type":"post","link":"https:\/\/elinformanteperu.com\/index.php\/2017\/05\/09\/mtc-atendio-a-19-gobiernos-regionales-en-iv-gore-ejecutivo\/","title":{"rendered":"MTC atendi\u00f3 a 19 Gobiernos Regionales en IV Gore Ejecutivo"},"content":{"rendered":"<p><strong>El ministro de Transportes y Comunicaciones, Mart\u00edn Vizcarra, asisti\u00f3 a la sesi\u00f3n inaugural del IV Gore Ejecutivo y atendi\u00f3 a 19 gobiernos regionales.<\/strong><\/p>\n<p><strong>Lima, 08 Mayo 2017, (ANDINA).-<\/strong> El ministro de Transportes y Comunicaciones (MTC), Mart\u00edn Vizcarra, asisti\u00f3 a la sesi\u00f3n inaugural del IV Gore Ejecutivo junto con los 25 gobernadores nacionales y atendi\u00f3 a 19 gobiernos regionales.<\/p>\n<p>El motivo de esta reuni\u00f3n del IV Gore Ejecutivo es que tanto autoridades regionales como ministros de Estado participen de una productiva jornada de reuniones con el fin de atender necesidades puntuales seg\u00fan las competencias de cada ministerio.<\/p>\n<p>En el caso particular del MTC, en la primera ronda de reuniones, el ministro Vizcarra y su equipo de trabajo del Ministerio de Transportes y Comunicaciones (MTC) escucharon atentamente a los gobernadores de Arequipa, Ayacucho, Amazonas, Ica, Lima, Pasco y Tacna cuyas problem\u00e1ticas var\u00edan entre s\u00ed.<\/p>\n<p><strong>Ayacucho y Amazonas<\/strong><\/p>\n<p>Por ejemplo, con el gobernador Julio Sevilla de Ayacucho se trataron temas vinculados al mantenimiento de las carreteras y a la Red Dorsal de Fibra \u00d3ptica.<\/p>\n<p>Mientras que con el gobernador de Amazonas, Gilmer Horna, se solicit\u00f3 el financiamiento para un puente peatonal sobre el R\u00edo Nieva, as\u00ed como la revisi\u00f3n de estructura del actual Puente Chacanto.<\/p>\n<p><strong>Ica y Lima <\/strong><\/p>\n<p>A su turno, con el gobernador regional de Ica, Fernando Cilloniz, los funcionarios del MTC tomaron nota de la solicitud de atenci\u00f3n de caminos rurales afectados por El Ni\u00f1o Costero, as\u00ed como la necesidad de que el Proyecto de Red Regional de Banda Ancha llegue a toda la regi\u00f3n.<\/p>\n<p>Por su parte, con la Gobernaci\u00f3n de Lima, representada por la teniente alcalde Patricia Ju\u00e1rez, se convers\u00f3 sobre las obras de la L\u00ednea 2 del Metro de Lima y la realizaci\u00f3n de los Juegos Panamericanos.<\/p>\n<p><strong>Pasco y Tacna<\/strong><\/p>\n<p>Con el gobernador de Pasco, Teodulo Quispe, se discuti\u00f3 la soluci\u00f3n de descongestionar la Carretera Central y el mejoramiento de la carretera Cerro de Pasco.<\/p>\n<p>En tanto, el gobernador regional de Tacna, Omar Jimenez, solicit\u00f3 que se eval\u00fae la construcci\u00f3n del Puerto Grau y de la L\u00ednea F\u00e9rrea a la frontera con Bolivia, temas que sin duda deber\u00e1n tratarse en una pr\u00f3xima mesa de trabajo.<\/p>\n<p><strong>Otras regiones<\/strong><\/p>\n<p>Al final de la tarde, Vizcarra y el equipo del MTC se reunieron con funcionarios de las gobernaciones regionales de Ancash, Loreto, Puno, Tumbes, Piura, Jun\u00edn, Cusco, La Libertad, San Mart\u00edn, Madre de Dios y Ucayali.<\/p>\n","protected":false},"excerpt":{"rendered":"<p>El ministro de Transportes y Comunicaciones, Mart\u00edn Vizcarra, asisti\u00f3 a la sesi\u00f3n inaugural del IV Gore Ejecutivo y atendi\u00f3 a 19 gobiernos regionales. Lima, 08 Mayo 2017, (ANDINA).- El ministro de Transportes y Comunicaciones (MTC), Mart\u00edn Vizcarra, asisti\u00f3 a la sesi\u00f3n inaugural del IV Gore Ejecutivo junto con los 25 gobernadores nacionales y atendi\u00f3 a [&hellip;]<\/p>\n","protected":false},"author":1,"featured_media":9742,"comment_status":"open","ping_status":"open","sticky":false,"template":"","format":"standard","meta":{"rop_custom_images_group":[],"rop_custom_messages_group":[],"rop_publish_now":"initial","rop_publish_now_accounts":[],"rop_publish_now_history":[],"rop_publish_now_status":"pending","footnotes":""},"categories":[5],"tags":[1538,289,318,317],"class_list":["post-9741","post","type-post","status-publish","format-standard","has-post-thumbnail","hentry","category-actualidad-informativa","tag-iv-gore-ejecutivo","tag-martin-vizcarra","tag-ministerio-de-transportes-y-comunicaciones","tag-mtc"],"_links":{"self":[{"href":"https:\/\/elinformanteperu.com\/index.php\/wp-json\/wp\/v2\/posts\/9741","targetHints":{"allow":["GET"]}}],"collection":[{"href":"https:\/\/elinformanteperu.com\/index.php\/wp-json\/wp\/v2\/posts"}],"about":[{"href":"https:\/\/elinformanteperu.com\/index.php\/wp-json\/wp\/v2\/types\/post"}],"author":[{"embeddable":true,"href":"https:\/\/elinformanteperu.com\/index.php\/wp-json\/wp\/v2\/users\/1"}],"replies":[{"embeddable":true,"href":"https:\/\/elinformanteperu.com\/index.php\/wp-json\/wp\/v2\/comments?post=9741"}],"version-history":[{"count":1,"href":"https:\/\/elinformanteperu.com\/index.php\/wp-json\/wp\/v2\/posts\/9741\/revisions"}],"predecessor-version":[{"id":9743,"href":"https:\/\/elinformanteperu.com\/index.php\/wp-json\/wp\/v2\/posts\/9741\/revisions\/9743"}],"wp:featuredmedia":[{"embeddable":true,"href":"https:\/\/elinformanteperu.com\/index.php\/wp-json\/wp\/v2\/media\/9742"}],"wp:attachment":[{"href":"https:\/\/elinformanteperu.com\/index.php\/wp-json\/wp\/v2\/media?parent=9741"}],"wp:term":[{"taxonomy":"category","embeddable":true,"href":"https:\/\/elinformanteperu.com\/index.php\/wp-json\/wp\/v2\/categories?post=9741"},{"taxonomy":"post_tag","embeddable":true,"href":"https:\/\/elinformanteperu.com\/index.php\/wp-json\/wp\/v2\/tags?post=9741"}],"curies":[{"name":"wp","href":"https:\/\/api.w.org\/{rel}","templated":true}]}}