{"id":97277,"date":"2021-05-08T00:22:10","date_gmt":"2021-05-08T05:22:10","guid":{"rendered":"https:\/\/elinformanteperu.com\/?p=97277"},"modified":"2021-05-08T00:22:10","modified_gmt":"2021-05-08T05:22:10","slug":"covid-19-minsa-inicia-proxima-semana-vacunacion-de-personas-con-comorbilidades","status":"publish","type":"post","link":"https:\/\/elinformanteperu.com\/index.php\/2021\/05\/08\/covid-19-minsa-inicia-proxima-semana-vacunacion-de-personas-con-comorbilidades\/","title":{"rendered":"Covid-19: Minsa inicia pr\u00f3xima semana vacunaci\u00f3n de personas con comorbilidades"},"content":{"rendered":"<p><strong><span style=\"color: #000000;\">Primeros ser\u00e1n pacientes en hemodi\u00e1lisis y S\u00edndrome de Down, inform\u00f3 Ugarte<\/span><\/strong><\/p>\n<p><span style=\"color: #000000;\"><strong>Lima, 07 Mayo, (ANDINA).-<\/strong> El ministro de Salud, Oscar Ugarte, anunci\u00f3 esta noche que la pr\u00f3xima semana comienza la vacunaci\u00f3n contra el covid-19 de las personas con alguna comorbilidad, empezando por quienes padecen de S\u00edndrome de Down y pacientes en hemodi\u00e1lisis.<\/span><\/p>\n<p><span style=\"color: #000000;\">Ugarte explic\u00f3 que la inmunizaci\u00f3n de este grupo etario se desarrollar\u00e1 de forma paralela a la de los adultos mayores y que cada semana se ir\u00e1 anunciando qu\u00e9 otras comorbilidades se suman al plan de vacunaci\u00f3n contra el coronavirus.<\/span><\/p>\n<p><span style=\"color: #000000;\">\u00abLa pr\u00f3xima semana, simult\u00e1neamente a la vacunaci\u00f3n de adultos mayores, empieza la vacunaci\u00f3n a personas con comorbilidades y vamos a empezar con quienes se est\u00e1n aplicando hemodi\u00e1lisis y con quienes tienen S\u00edndrome de Down. Vamos a detallar qu\u00e9 d\u00eda y bajo qu\u00e9 modalidad se aplicar\u00e1n las vacunas\u00bb, dijo en canal N.<\/span><\/p>\n<p><span style=\"color: #000000;\">Detall\u00f3 que los pacientes en hemodi\u00e1lisis, que suman alrededor de 15 mil, ser\u00e1n vacunados en el sitio donde se someten a este procedimiento, por lo que no necesitar\u00e1n desplazarse a otro lugar. \u00abEllos est\u00e1n mapeados\u00bb. En tanto, quienes presentan S\u00edndrome de Down ir\u00e1n al centro de vacunaci\u00f3n m\u00e1s cercano a su domicilio.<\/span><\/p>\n<p><span style=\"color: #000000;\">Manifest\u00f3 que cada grupo de personas con comorbilidad (es decir que tienen dos o m\u00e1s enfermedades) tiene una particularidad y que el Minsa est\u00e1 definiendo los protocolos para que todos puedan atenderse, ya sea en su casa o acudiendo a un centro de inmunizaci\u00f3n.<\/span><\/p>\n<p><span style=\"color: #000000;\">De otro lado, el titular de Salud coment\u00f3 que actualmente hay 1 mill\u00f3n 982 mil 171 personas vacunadas, por lo menos con la primera dosis, en todo el pa\u00eds y que este fin de semana, cuando se retome la vacunaci\u00f3n de los mayores de 70 a\u00f1os, se superar\u00e1 los dos millones de vacunados. \u00abTenemos la capacidad y las vacunas\u00bb, apunt\u00f3.<\/span><\/p>\n<p><span style=\"color: #000000;\">Tambi\u00e9n coment\u00f3 que el actual Gobierno dejar\u00e1 a la nueva administraci\u00f3n un cronograma de vacunaci\u00f3n para el resto del a\u00f1o y estim\u00f3 que las personas menores de 50 a\u00f1os ser\u00e1n vacunadas en el segundo semestre del a\u00f1o.<\/span><\/p>\n","protected":false},"excerpt":{"rendered":"<p>Primeros ser\u00e1n pacientes en hemodi\u00e1lisis y S\u00edndrome de Down, inform\u00f3 Ugarte Lima, 07 Mayo, (ANDINA).- El ministro de Salud, Oscar Ugarte, anunci\u00f3 esta noche que la pr\u00f3xima semana comienza la vacunaci\u00f3n contra el covid-19 de las personas con alguna comorbilidad, empezando por quienes padecen de S\u00edndrome de Down y pacientes en hemodi\u00e1lisis. Ugarte explic\u00f3 que [&hellip;]<\/p>\n","protected":false},"author":1,"featured_media":97278,"comment_status":"closed","ping_status":"closed","sticky":false,"template":"","format":"standard","meta":{"rop_custom_images_group":[],"rop_custom_messages_group":[],"rop_publish_now":"initial","rop_publish_now_accounts":[],"rop_publish_now_history":[],"rop_publish_now_status":"pending","footnotes":""},"categories":[10],"tags":[388,431,5779],"class_list":["post-97277","post","type-post","status-publish","format-standard","has-post-thumbnail","hentry","category-actualidad-municipal","tag-ministerio-de-salud","tag-minsa","tag-oscar-ugarte"],"_links":{"self":[{"href":"https:\/\/elinformanteperu.com\/index.php\/wp-json\/wp\/v2\/posts\/97277","targetHints":{"allow":["GET"]}}],"collection":[{"href":"https:\/\/elinformanteperu.com\/index.php\/wp-json\/wp\/v2\/posts"}],"about":[{"href":"https:\/\/elinformanteperu.com\/index.php\/wp-json\/wp\/v2\/types\/post"}],"author":[{"embeddable":true,"href":"https:\/\/elinformanteperu.com\/index.php\/wp-json\/wp\/v2\/users\/1"}],"replies":[{"embeddable":true,"href":"https:\/\/elinformanteperu.com\/index.php\/wp-json\/wp\/v2\/comments?post=97277"}],"version-history":[{"count":1,"href":"https:\/\/elinformanteperu.com\/index.php\/wp-json\/wp\/v2\/posts\/97277\/revisions"}],"predecessor-version":[{"id":97279,"href":"https:\/\/elinformanteperu.com\/index.php\/wp-json\/wp\/v2\/posts\/97277\/revisions\/97279"}],"wp:featuredmedia":[{"embeddable":true,"href":"https:\/\/elinformanteperu.com\/index.php\/wp-json\/wp\/v2\/media\/97278"}],"wp:attachment":[{"href":"https:\/\/elinformanteperu.com\/index.php\/wp-json\/wp\/v2\/media?parent=97277"}],"wp:term":[{"taxonomy":"category","embeddable":true,"href":"https:\/\/elinformanteperu.com\/index.php\/wp-json\/wp\/v2\/categories?post=97277"},{"taxonomy":"post_tag","embeddable":true,"href":"https:\/\/elinformanteperu.com\/index.php\/wp-json\/wp\/v2\/tags?post=97277"}],"curies":[{"name":"wp","href":"https:\/\/api.w.org\/{rel}","templated":true}]}}