{"id":97274,"date":"2021-05-08T00:15:10","date_gmt":"2021-05-08T05:15:10","guid":{"rendered":"https:\/\/elinformanteperu.com\/?p=97274"},"modified":"2021-05-08T00:15:10","modified_gmt":"2021-05-08T05:15:10","slug":"minsa-6634-recuperados-y-296-fallecidos-por-covid-19-en-las-ultimas-24-horas","status":"publish","type":"post","link":"https:\/\/elinformanteperu.com\/index.php\/2021\/05\/08\/minsa-6634-recuperados-y-296-fallecidos-por-covid-19-en-las-ultimas-24-horas\/","title":{"rendered":"Minsa: 6,634 recuperados y 296 fallecidos por covid-19 en las \u00faltimas 24 horas"},"content":{"rendered":"<p><strong><span style=\"color: #000000;\">Casos confirmados por coronavirus ascienden a un mill\u00f3n 839,465 desde marzo de 2020<\/span><\/strong><\/p>\n<p><span style=\"color: #000000;\"><strong>Lima, 07 Mayo, (ANDINA).-<\/strong> El Ministerio de Salud (Minsa) inform\u00f3 que 296 personas fallecieron por covid-19 en las \u00faltimas 24 horas, mientras que otras 6,634 lograron superar la enfermedad tras cumplir un per\u00edodo de aislamiento domiciliario o recibir el alta m\u00e9dica en un centro hospitalario.<\/span><\/p>\n<p><span style=\"color: #000000;\">En su habitual reporte sobre la evoluci\u00f3n de la pandemia en el Per\u00fa, la autoridad sanitaria precis\u00f3 que el total de casos confirmados de coronavirus lleg\u00f3 hoy a un mill\u00f3n 839,465, contabilizados desde el 6 de marzo del a\u00f1o pasado, cuando se report\u00f3 al llamado \u2018paciente cero\u2019 en Lima.<\/span><\/p>\n<p><strong><span style=\"color: #000000;\">Procesamiento de pruebas<\/span><\/strong><\/p>\n<p><span style=\"color: #000000;\">Respecto al procesamiento de pruebas moleculares, antig\u00e9nicas y serol\u00f3gicas para descarte de covid-19, el Minsa expres\u00f3 que hasta las 22:00 horas del 6 de mayo se hab\u00edan analizado muestras para 11 millones 555,688 personas, desde el inicio de la pandemia.<\/span><\/p>\n<p><span style=\"color: #000000;\">De todas las personas muestreadas, 9 millones 716,223 tuvieron resultados negativos.<\/span><\/p>\n<p><span style=\"color: #000000;\">El jueves fueron sometidas a pruebas 72,090 personas, de las cuales 3,206 fueron casos sintom\u00e1ticos confirmados de ese d\u00eda. Adem\u00e1s, se registraron parcialmente los resultados de 6,794 casos confirmados de los siete d\u00edas anteriores, a\u00f1adi\u00f3 el sector Salud.<\/span><\/p>\n<p><strong><span style=\"color: #000000;\">Hospitalizados y recuperados<\/span><\/strong><\/p>\n<p><span style=\"color: #000000;\">Pese al ligero descenso en los indicadores epidemiol\u00f3gicos que llev\u00f3 al Gobierno a reducir el nivel de riesgo para Lima y Callao \u2013de \u2018extremo\u2019 a \u2018muy alto\u2019\u2013, el sistema hospitalario contin\u00faa bajo presi\u00f3n intensa en pr\u00e1cticamente todas las regiones del pa\u00eds.<\/span><\/p>\n<p><span style=\"color: #000000;\">\u201cA la fecha \u2013agreg\u00f3 el ministerio en su informe diario\u2013, se tienen 14,391 pacientes hospitalizados por la covid-19, de los cuales 2,666 se encuentran en unidades de cuidados intensivos con ventilaci\u00f3n mec\u00e1nica\u201d.<\/span><\/p>\n<p><span style=\"color: #000000;\">A la par, el Minsa inform\u00f3 que un mill\u00f3n 786,855 personas han superado la enfermedad desde marzo del a\u00f1o pasado, tras cumplir la recomendaci\u00f3n de aislamiento domiciliario o recibir el alta m\u00e9dica en un establecimiento de salud.<\/span><\/p>\n<p><strong><span style=\"color: #000000;\">Cifra oficial de fallecidos<\/span><\/strong><\/p>\n<p><span style=\"color: #000000;\">Las 296 personas fallecidas en las \u00faltimas 24 horas elevaron el recuento total de v\u00edctimas de la pandemia a 63,519 en el Per\u00fa. \u201cExpresamos nuestras sentidas condolencias a los familiares en este momento de dolor\u201d, public\u00f3 la autoridad de salud.<\/span><\/p>\n<p><span style=\"color: #000000;\">Para evitar la propagaci\u00f3n de la covid-19, el Gobierno recomienda distanciamiento f\u00edsico de al menos un metro, usar doble mascarilla, lavarse las manos de manera frecuente y usar escudos faciales en el transporte p\u00fablico.<\/span><\/p>\n<p><span style=\"color: #000000;\">A muy poco de la celebraci\u00f3n del D\u00eda de la Madre, el segundo domingo de mayo, las autoridades han exhortado a la poblaci\u00f3n a mantener las medidas de bioseguridad y evitar las visitas domiciliarias, pues podr\u00edan influir en un repunte de nuevos contagios y fallecidos.<\/span><\/p>\n<p><span style=\"color: #000000;\">En lo que va del estado de emergencia sanitaria, el r\u00e9cord de fallecidos por d\u00eda se alcanz\u00f3 en el reporte del domingo 18 de abril, con 433 v\u00edctimas mortales de la covid-19 en tan solo 24 horas.<\/span><\/p>\n","protected":false},"excerpt":{"rendered":"<p>Casos confirmados por coronavirus ascienden a un mill\u00f3n 839,465 desde marzo de 2020 Lima, 07 Mayo, (ANDINA).- El Ministerio de Salud (Minsa) inform\u00f3 que 296 personas fallecieron por covid-19 en las \u00faltimas 24 horas, mientras que otras 6,634 lograron superar la enfermedad tras cumplir un per\u00edodo de aislamiento domiciliario o recibir el alta m\u00e9dica en [&hellip;]<\/p>\n","protected":false},"author":1,"featured_media":97275,"comment_status":"closed","ping_status":"closed","sticky":false,"template":"","format":"standard","meta":{"rop_custom_images_group":[],"rop_custom_messages_group":[],"rop_publish_now":"initial","rop_publish_now_accounts":[],"rop_publish_now_history":[],"rop_publish_now_status":"pending","footnotes":""},"categories":[10],"tags":[6322,388,431],"class_list":["post-97274","post","type-post","status-publish","format-standard","has-post-thumbnail","hentry","category-actualidad-municipal","tag-covid-segunda-ola","tag-ministerio-de-salud","tag-minsa"],"_links":{"self":[{"href":"https:\/\/elinformanteperu.com\/index.php\/wp-json\/wp\/v2\/posts\/97274","targetHints":{"allow":["GET"]}}],"collection":[{"href":"https:\/\/elinformanteperu.com\/index.php\/wp-json\/wp\/v2\/posts"}],"about":[{"href":"https:\/\/elinformanteperu.com\/index.php\/wp-json\/wp\/v2\/types\/post"}],"author":[{"embeddable":true,"href":"https:\/\/elinformanteperu.com\/index.php\/wp-json\/wp\/v2\/users\/1"}],"replies":[{"embeddable":true,"href":"https:\/\/elinformanteperu.com\/index.php\/wp-json\/wp\/v2\/comments?post=97274"}],"version-history":[{"count":1,"href":"https:\/\/elinformanteperu.com\/index.php\/wp-json\/wp\/v2\/posts\/97274\/revisions"}],"predecessor-version":[{"id":97276,"href":"https:\/\/elinformanteperu.com\/index.php\/wp-json\/wp\/v2\/posts\/97274\/revisions\/97276"}],"wp:featuredmedia":[{"embeddable":true,"href":"https:\/\/elinformanteperu.com\/index.php\/wp-json\/wp\/v2\/media\/97275"}],"wp:attachment":[{"href":"https:\/\/elinformanteperu.com\/index.php\/wp-json\/wp\/v2\/media?parent=97274"}],"wp:term":[{"taxonomy":"category","embeddable":true,"href":"https:\/\/elinformanteperu.com\/index.php\/wp-json\/wp\/v2\/categories?post=97274"},{"taxonomy":"post_tag","embeddable":true,"href":"https:\/\/elinformanteperu.com\/index.php\/wp-json\/wp\/v2\/tags?post=97274"}],"curies":[{"name":"wp","href":"https:\/\/api.w.org\/{rel}","templated":true}]}}