{"id":97271,"date":"2021-05-08T00:10:42","date_gmt":"2021-05-08T05:10:42","guid":{"rendered":"https:\/\/elinformanteperu.com\/?p=97271"},"modified":"2021-05-08T00:10:42","modified_gmt":"2021-05-08T05:10:42","slug":"mas-de-5000-escolares-de-lima-sur-recibiran-recarga-de-celulares-y-kits-educativos","status":"publish","type":"post","link":"https:\/\/elinformanteperu.com\/index.php\/2021\/05\/08\/mas-de-5000-escolares-de-lima-sur-recibiran-recarga-de-celulares-y-kits-educativos\/","title":{"rendered":"M\u00e1s de 5,000 escolares de Lima sur recibir\u00e1n recarga de celulares y kits educativos"},"content":{"rendered":"<p><strong><span style=\"color: #000000;\">Para dar continuidad a sus labores de aprendizaje en inicial y primaria<\/span><\/strong><\/p>\n<p><span style=\"color: #000000;\"><strong>Lima, 07 Mayo, (ANDINA).-<\/strong> Uno de los efectos m\u00e1s alarmantes generados por la pandemia y el cierre de escuelas para evitar contagios del nuevo coronavirus, ha sido la deserci\u00f3n escolar de la educaci\u00f3n primaria, secundaria, as\u00ed como tambi\u00e9n de la educaci\u00f3n preescolar de ni\u00f1os hasta 5 a\u00f1os.<\/span><\/p>\n<p><span style=\"color: #000000;\">Por este motivo, la asociaci\u00f3n sin fines de lucro United Way Per\u00fa busca contribuir con la educaci\u00f3n y salud integral de ni\u00f1os y ni\u00f1as que se encuentran en esta situaci\u00f3n gracias a la entrega de materiales educativos, kits de higiene personal, as\u00ed como recarga de saldo de celulares, que beneficiar\u00e1n a m\u00e1s de 5 mil ni\u00f1os de inicial y primaria de Lima Sur.<\/span><\/p>\n<p><span style=\"color: #000000;\">El donativo, gracias al apoyo de NIVEA, consistir\u00e1 en dotar a los alumnos de inicial y primaria de m\u00e1s de 1,500 kits de material educativo que incluyen crayolas, temperas, hojas bond, plastilina, plumones y l\u00e1piz, as\u00ed como productos de higiene, que incluyen jabones y alcohol gel, y material educativo sobre el correcto lavado de manos.<\/span><\/p>\n<p><span style=\"color: #000000;\">Esto \u00faltimo con el objetivo de continuar promoviendo el aseo de manos en los ni\u00f1os, dado que se ha demostrado que este h\u00e1bito es la forma m\u00e1s sencilla, r\u00e1pida y econ\u00f3mica de protecci\u00f3n contra el covid-19, y tambi\u00e9n de otros males infecciosos, como enfermedades respiratorias, oculares, gastrointestinales, entre otras.<\/span><\/p>\n<p><span style=\"color: #000000;\">Para disminuir la brecha de conectividad, mensualmente se dotar\u00e1 de recargas de saldo a los celulares de los padres de estos ni\u00f1os. Esta acci\u00f3n se realiza debido a que muchos de ellos necesitan mantener una comunicaci\u00f3n continua con los profesores de sus hijos y en la mayor\u00eda casos el principal recurso en casa es un celular.<\/span><\/p>\n<p><span style=\"color: #000000;\">La entrega de donativo se realizar\u00e1 en colegios de Villa Mar\u00eda del Triunfo, Villa El Salvador y Lur\u00edn, zonas que concentra una gran cantidad de poblaci\u00f3n infantil.<\/span><\/p>\n<p><span style=\"color: #000000;\">Para apoyar a los padres de ni\u00f1os menores de 3 a\u00f1os durante el aprendizaje de sus hijos, se les dotar\u00e1 tambi\u00e9n de recursos digitales educativos sobre salud, higiene, nutrici\u00f3n, educaci\u00f3n, entre otros, a m\u00e1s de 3,500 familias.<\/span><\/p>\n<p><span style=\"color: #000000;\">\u201cEsta coyuntura no solo implica una transformaci\u00f3n en la modalidad de ense\u00f1anza, sino la innovaci\u00f3n en el rol del docente de nivel inicial y de los padres para favorecer el desarrollo de los ni\u00f1os y proteger su futuro. Por ello, como organizaci\u00f3n queremos sumar esfuerzos y dar una respuesta r\u00e1pida y sostenida para mitigar de alguna manera el incremento en las desigualdades preexistentes y las dram\u00e1ticas consecuencias que tendr\u00e1 la pandemia en el aprendizaje y desarrollo infantil\u201d, se\u00f1al\u00f3 Alessandra Leverone, directora ejecutiva de United Way Per\u00fa.<\/span><\/p>\n<p><strong><span style=\"color: #000000;\">La problem\u00e1tica educativa en pandemia<\/span><\/strong><\/p>\n<p><span style=\"color: #000000;\">Seg\u00fan registros a nivel nacional, existe un promedio de 1 mill\u00f3n 700 mil ni\u00f1os en educaci\u00f3n inicial, de los cuales, el 60% de ni\u00f1os que forman parte del programa de educaci\u00f3n inicial no estatal, dejaron de estudiar.<\/span><\/p>\n<p><span style=\"color: #000000;\">Con las escuelas cerradas m\u00e1s de 12 meses a causa de la pandemia, el aprendizaje de los ni\u00f1os de inicial y primaria han sido muy afectados. Seg\u00fan el Informe del Banco Mundial, la p\u00e9rdida de aprendizaje podr\u00eda estar alrededor de 1,7 a\u00f1os y los m\u00e1s vulnerables son quienes se retrasar\u00e1n a\u00fan m\u00e1s.<\/span><\/p>\n<p><span style=\"color: #000000;\">A esto se suma, las grandes desigualdades preexistentes como los altos \u00edndices de anemia y el bajo nivel de aprendizaje de los estudiantes. Esta problem\u00e1tica se agrav\u00f3 a\u00fan m\u00e1s, dado que seg\u00fan un \u00faltimo reporte de Aprendo en Casa del Ministerio de Educaci\u00f3n, durante el 2020, m\u00e1s de 11 mil escolares de esta zona de Lima Sur, dejaron sus estudios por falta de implementaci\u00f3n tecnol\u00f3gica, siendo los ni\u00f1os de educaci\u00f3n inicial y primaria los m\u00e1s afectados.<\/span><\/p>\n","protected":false},"excerpt":{"rendered":"<p>Para dar continuidad a sus labores de aprendizaje en inicial y primaria Lima, 07 Mayo, (ANDINA).- Uno de los efectos m\u00e1s alarmantes generados por la pandemia y el cierre de escuelas para evitar contagios del nuevo coronavirus, ha sido la deserci\u00f3n escolar de la educaci\u00f3n primaria, secundaria, as\u00ed como tambi\u00e9n de la educaci\u00f3n preescolar de [&hellip;]<\/p>\n","protected":false},"author":1,"featured_media":97272,"comment_status":"closed","ping_status":"closed","sticky":false,"template":"","format":"standard","meta":{"rop_custom_images_group":[],"rop_custom_messages_group":[],"rop_publish_now":"initial","rop_publish_now_accounts":[],"rop_publish_now_history":[],"rop_publish_now_status":"pending","footnotes":""},"categories":[10],"tags":[1049],"class_list":["post-97271","post","type-post","status-publish","format-standard","has-post-thumbnail","hentry","category-actualidad-municipal","tag-colegios"],"_links":{"self":[{"href":"https:\/\/elinformanteperu.com\/index.php\/wp-json\/wp\/v2\/posts\/97271","targetHints":{"allow":["GET"]}}],"collection":[{"href":"https:\/\/elinformanteperu.com\/index.php\/wp-json\/wp\/v2\/posts"}],"about":[{"href":"https:\/\/elinformanteperu.com\/index.php\/wp-json\/wp\/v2\/types\/post"}],"author":[{"embeddable":true,"href":"https:\/\/elinformanteperu.com\/index.php\/wp-json\/wp\/v2\/users\/1"}],"replies":[{"embeddable":true,"href":"https:\/\/elinformanteperu.com\/index.php\/wp-json\/wp\/v2\/comments?post=97271"}],"version-history":[{"count":1,"href":"https:\/\/elinformanteperu.com\/index.php\/wp-json\/wp\/v2\/posts\/97271\/revisions"}],"predecessor-version":[{"id":97273,"href":"https:\/\/elinformanteperu.com\/index.php\/wp-json\/wp\/v2\/posts\/97271\/revisions\/97273"}],"wp:featuredmedia":[{"embeddable":true,"href":"https:\/\/elinformanteperu.com\/index.php\/wp-json\/wp\/v2\/media\/97272"}],"wp:attachment":[{"href":"https:\/\/elinformanteperu.com\/index.php\/wp-json\/wp\/v2\/media?parent=97271"}],"wp:term":[{"taxonomy":"category","embeddable":true,"href":"https:\/\/elinformanteperu.com\/index.php\/wp-json\/wp\/v2\/categories?post=97271"},{"taxonomy":"post_tag","embeddable":true,"href":"https:\/\/elinformanteperu.com\/index.php\/wp-json\/wp\/v2\/tags?post=97271"}],"curies":[{"name":"wp","href":"https:\/\/api.w.org\/{rel}","templated":true}]}}