{"id":97263,"date":"2021-05-08T00:03:34","date_gmt":"2021-05-08T05:03:34","guid":{"rendered":"https:\/\/elinformanteperu.com\/?p=97263"},"modified":"2021-05-08T00:03:34","modified_gmt":"2021-05-08T05:03:34","slug":"piura-paciente-con-sindrome-de-down-internado-en-essalud-por-covid-19-celebra-su-alta","status":"publish","type":"post","link":"https:\/\/elinformanteperu.com\/index.php\/2021\/05\/08\/piura-paciente-con-sindrome-de-down-internado-en-essalud-por-covid-19-celebra-su-alta\/","title":{"rendered":"Piura: paciente con s\u00edndrome de Down internado en EsSalud por covid-19 celebra su alta"},"content":{"rendered":"<p><strong><span style=\"color: #000000;\">\u00d3scar Arroyo permaneci\u00f3 un mes en Villa EsSalud La Videnita y se despidi\u00f3 del personal de salud con emotivo baile<\/span><\/strong><\/p>\n<p><span style=\"color: #000000;\"><strong>Piura, 07 Mayo, (ANDINA).-<\/strong> \u00d3scar Arroyo Merino, de 35 a\u00f1os de edad con s\u00edndrome de Down, se aferr\u00f3 a la vida y logr\u00f3 vencer al covid-19, desde una cama de cuidados intensivos; donde fue extubado luego de 10 d\u00edas y posteriormente, en la UCI, donde se le retir\u00f3 la c\u00e1nula de alto flujo, hecho que fue celebrado por el paciente con un divertido baile en su cama de hospitalizaci\u00f3n.<\/span><\/p>\n<p><span style=\"color: #000000;\">Desde que lleg\u00f3 a la Villa La Videnita en Piura, el pasado 27 de marzo, Osquitar se rob\u00f3 el coraz\u00f3n de m\u00e9dicos, enfermeras y personal t\u00e9cnico. Sus familiares lo trasladaron de urgencia hasta la zona de triaje de este nosocomio, debido a los s\u00edntomas que presentaba como: fiebre, tos seca, dolores de garganta y de cabeza y saturaci\u00f3n de ox\u00edgeno menor a 93 %.<\/span><\/p>\n<p><span style=\"color: #000000;\">El jefe del Servicio de Cuidados Intensivos del Hospital III Jos\u00e9 Cayetano Heredia y La Videnita, Ronald Gallo, inform\u00f3, que el paciente fue internado, en principio, en hospitalizaci\u00f3n general, debido a las complicaciones propias de esta alteraci\u00f3n gen\u00e9tica.<\/span><\/p>\n<p><span style=\"color: #000000;\">\u201cNuestro paciente hizo una infecci\u00f3n por covid-19, una neumon\u00eda e insuficiencia respiratoria. Cuando lleg\u00f3 a la emergencia ten\u00eda mucha dificultad respiratoria, por lo que se le tuvo que conectar a un ventilador mec\u00e1nico por 11 d\u00edas. Se logr\u00f3 compensar parte del compromiso pulmonar y despu\u00e9s permaneci\u00f3 en cuidados intermedios durante seis d\u00edas antes de pasar a hospitalizaci\u00f3n\u201d, refiri\u00f3.<\/span><\/p>\n<p><span style=\"color: #000000;\">El especialista explic\u00f3 que los pacientes con s\u00edndrome de Down tienen caracter\u00edsticas particulares de salud como cardiopat\u00edas cong\u00e9nitas, o son susceptibles a padecer enfermedades, lo que los convierte en personas m\u00e1s vulnerables que otras.<\/span><\/p>\n<p><span style=\"color: #000000;\">\u201c\u00d3scar necesitaba una cama UCI, por lo que luego de una exhaustiva evaluaci\u00f3n m\u00e9dica, el 2 de abril fue internado en el \u00e1rea cr\u00edtica de La Videnita\u201d, agreg\u00f3.<\/span><\/p>\n<p><span style=\"color: #000000;\">Al recibir el alta m\u00e9dica y antes de volver a casa en compa\u00f1\u00eda de su hermana, el paciente regal\u00f3 sonrisas a m\u00e9dicos y enfermeras y les dijo: \u201cYa me siento mejor. Ahora voy a visitar a mi mami, la quiero mucho\u201d.<\/span><\/p>\n<p><span style=\"color: #000000;\">Su hermana Keyla Arroyo Merino, agradeci\u00f3 a EsSalud por la paciencia con su hermano y la gran labor realizada por m\u00e9dicos, enfermeros y todo el personal.<\/span><\/p>\n<p><span style=\"color: #000000;\">Cabe mencionar que el Centro de Atenci\u00f3n Temporal por covid-19 La Videnita de Piura cuenta con 200 camas de hospitalizaci\u00f3n con puntos fijos de ox\u00edgeno, para la atenci\u00f3n de pacientes leves y moderados afectados por el nuevo coronavirus.<\/span><\/p>\n","protected":false},"excerpt":{"rendered":"<p>\u00d3scar Arroyo permaneci\u00f3 un mes en Villa EsSalud La Videnita y se despidi\u00f3 del personal de salud con emotivo baile Piura, 07 Mayo, (ANDINA).- \u00d3scar Arroyo Merino, de 35 a\u00f1os de edad con s\u00edndrome de Down, se aferr\u00f3 a la vida y logr\u00f3 vencer al covid-19, desde una cama de cuidados intensivos; donde fue extubado [&hellip;]<\/p>\n","protected":false},"author":1,"featured_media":97264,"comment_status":"closed","ping_status":"closed","sticky":false,"template":"","format":"standard","meta":{"rop_custom_images_group":[],"rop_custom_messages_group":[],"rop_publish_now":"initial","rop_publish_now_accounts":[],"rop_publish_now_history":[],"rop_publish_now_status":"pending","footnotes":""},"categories":[10],"tags":[451,1010,5536],"class_list":["post-97263","post","type-post","status-publish","format-standard","has-post-thumbnail","hentry","category-actualidad-municipal","tag-essalud","tag-piura","tag-uci"],"_links":{"self":[{"href":"https:\/\/elinformanteperu.com\/index.php\/wp-json\/wp\/v2\/posts\/97263","targetHints":{"allow":["GET"]}}],"collection":[{"href":"https:\/\/elinformanteperu.com\/index.php\/wp-json\/wp\/v2\/posts"}],"about":[{"href":"https:\/\/elinformanteperu.com\/index.php\/wp-json\/wp\/v2\/types\/post"}],"author":[{"embeddable":true,"href":"https:\/\/elinformanteperu.com\/index.php\/wp-json\/wp\/v2\/users\/1"}],"replies":[{"embeddable":true,"href":"https:\/\/elinformanteperu.com\/index.php\/wp-json\/wp\/v2\/comments?post=97263"}],"version-history":[{"count":1,"href":"https:\/\/elinformanteperu.com\/index.php\/wp-json\/wp\/v2\/posts\/97263\/revisions"}],"predecessor-version":[{"id":97265,"href":"https:\/\/elinformanteperu.com\/index.php\/wp-json\/wp\/v2\/posts\/97263\/revisions\/97265"}],"wp:featuredmedia":[{"embeddable":true,"href":"https:\/\/elinformanteperu.com\/index.php\/wp-json\/wp\/v2\/media\/97264"}],"wp:attachment":[{"href":"https:\/\/elinformanteperu.com\/index.php\/wp-json\/wp\/v2\/media?parent=97263"}],"wp:term":[{"taxonomy":"category","embeddable":true,"href":"https:\/\/elinformanteperu.com\/index.php\/wp-json\/wp\/v2\/categories?post=97263"},{"taxonomy":"post_tag","embeddable":true,"href":"https:\/\/elinformanteperu.com\/index.php\/wp-json\/wp\/v2\/tags?post=97263"}],"curies":[{"name":"wp","href":"https:\/\/api.w.org\/{rel}","templated":true}]}}