{"id":97260,"date":"2021-05-07T23:55:23","date_gmt":"2021-05-08T04:55:23","guid":{"rendered":"https:\/\/elinformanteperu.com\/?p=97260"},"modified":"2021-05-07T23:55:23","modified_gmt":"2021-05-08T04:55:23","slug":"arequipa-declaran-en-emergencia-51-distritos-por-heladas-y-bajas-temperaturas","status":"publish","type":"post","link":"https:\/\/elinformanteperu.com\/index.php\/2021\/05\/07\/arequipa-declaran-en-emergencia-51-distritos-por-heladas-y-bajas-temperaturas\/","title":{"rendered":"Arequipa: declaran en emergencia 51 distritos por heladas y bajas temperaturas"},"content":{"rendered":"<p><strong><span style=\"color: #000000;\">Oficina Regional de Defensa Nacional y Defensa Civil tendr\u00e1 a su cargo acciones de respuesta y rehabilitaci\u00f3n<\/span><\/strong><\/p>\n<p><span style=\"color: #000000;\"><strong>Arequipa, 07 Mayo, (ANDINA).-<\/strong> Fueron declarados en emergencia 51 distritos de la regi\u00f3n Arequipa debido a las consecuencias que podr\u00edan enfrentar por la temporada de heladas y bajas temperaturas que se registra en esta \u00e9poca del a\u00f1o.<\/span><\/p>\n<p><span style=\"color: #000000;\">La propuesta de declaratoria de emergencia fue presentada por la Oficina Regional de Defensa Nacional y Defensa Civil ante el consejo regional de Arequipa, cuyo pleno aprob\u00f3 la medida con el fin de atender de manera oportuna a la poblaci\u00f3n.<\/span><\/p>\n<p><span style=\"color: #000000;\">Tras la declaratoria de emergencia de estos 51 distritos, ubicados en 6 de las 8 provincias de Arequipa, la oficina regional ejecutar\u00e1 las acciones de excepci\u00f3n inmediatas y necesarias en los distritos focalizados como de alto y muy alto riesgo, as\u00ed como de respuesta y rehabilitaci\u00f3n en caso corresponda.<\/span><\/p>\n<p><strong><span style=\"color: #000000;\">Lista completa<\/span><\/strong><\/p>\n<p><span style=\"color: #000000;\">Los distritos declarados en emergencia son Chivay, Huambo, Cabanaconde, Lari, Achoma, Callalli, Caylloma, Coporaque, Lluta, San Antonio de Chuca, Sibayo, Tapay, Tisco, Ichupampa, Maca, Madrigal, Tuti y Yanque, en la provincia de Caylloma.<\/span><\/p>\n<p><span style=\"color: #000000;\">Asimismo, Alca, Cotahuasi, Charcana, Huaynacotas, Pampamarca, Tauria, Toro, Quechualla, Tompepampa, Puyca y Sayla, en la provincia de La Uni\u00f3n; y Andagua, Chicaymarca, Pampacolca, Viraco, Orcopampa, Machahuay, Choco y Chachas en Castilla.<\/span><\/p>\n<p><span style=\"color: #000000;\">Mientras que en la provincia de Arequipa los distritos en emergencia son Pocsi, Polobaya, Characato, San Juan de Tarucani, Yura, Yanahuara y Chiguata. Tambi\u00e9n Cahuacho en Caravel\u00ed; y Andaray, Cayarani, Salamanca, Yanaquihua, Chichas y Chuquibamba en la provincia de Condesuyos.<\/span><\/p>\n<p><strong><span style=\"color: #000000;\">Prendas de abrigo<\/span><\/strong><\/p>\n<p><span style=\"color: #000000;\">El jefe de la Oficina Regional de Defensa Civil inform\u00f3 que, para atender a la poblaci\u00f3n afectada por las heladas y bajas temperaturas, adquirir\u00e1n implementos de abrigo, como 7,100 casacas para adultos y 10,000 para ni\u00f1os, y 8,000 mantones y\/o mantas polares por un valor de un mill\u00f3n 369,000 soles.<\/span><\/p>\n<p><span style=\"color: #000000;\">Estas prendas de abrigo ser\u00e1n entregadas a la poblaci\u00f3n vulnerable de las zonas altas de Arequipa, para mitigar los efectos de las heladas y bajas temperaturas que podr\u00edan registrarse.<\/span><\/p>\n<p><span style=\"color: #000000;\">El funcionario explic\u00f3 que los implementos de abrigo se entregar\u00e1n siempre y cuando los gobiernos locales presenten sus fichas EDAN (Evaluaci\u00f3n de Da\u00f1os y An\u00e1lisis de Necesidades) y registro de sus emergencias, los cuales ser\u00e1n evaluados por el Centro de Operaci\u00f3n de Emergencias (COER).<\/span><\/p>\n","protected":false},"excerpt":{"rendered":"<p>Oficina Regional de Defensa Nacional y Defensa Civil tendr\u00e1 a su cargo acciones de respuesta y rehabilitaci\u00f3n Arequipa, 07 Mayo, (ANDINA).- Fueron declarados en emergencia 51 distritos de la regi\u00f3n Arequipa debido a las consecuencias que podr\u00edan enfrentar por la temporada de heladas y bajas temperaturas que se registra en esta \u00e9poca del a\u00f1o. La [&hellip;]<\/p>\n","protected":false},"author":1,"featured_media":97261,"comment_status":"closed","ping_status":"closed","sticky":false,"template":"","format":"standard","meta":{"rop_custom_images_group":[],"rop_custom_messages_group":[],"rop_publish_now":"initial","rop_publish_now_accounts":[],"rop_publish_now_history":[],"rop_publish_now_status":"pending","footnotes":""},"categories":[10],"tags":[769,1057,148],"class_list":["post-97260","post","type-post","status-publish","format-standard","has-post-thumbnail","hentry","category-actualidad-municipal","tag-arequipa","tag-coer","tag-indeci"],"_links":{"self":[{"href":"https:\/\/elinformanteperu.com\/index.php\/wp-json\/wp\/v2\/posts\/97260","targetHints":{"allow":["GET"]}}],"collection":[{"href":"https:\/\/elinformanteperu.com\/index.php\/wp-json\/wp\/v2\/posts"}],"about":[{"href":"https:\/\/elinformanteperu.com\/index.php\/wp-json\/wp\/v2\/types\/post"}],"author":[{"embeddable":true,"href":"https:\/\/elinformanteperu.com\/index.php\/wp-json\/wp\/v2\/users\/1"}],"replies":[{"embeddable":true,"href":"https:\/\/elinformanteperu.com\/index.php\/wp-json\/wp\/v2\/comments?post=97260"}],"version-history":[{"count":1,"href":"https:\/\/elinformanteperu.com\/index.php\/wp-json\/wp\/v2\/posts\/97260\/revisions"}],"predecessor-version":[{"id":97262,"href":"https:\/\/elinformanteperu.com\/index.php\/wp-json\/wp\/v2\/posts\/97260\/revisions\/97262"}],"wp:featuredmedia":[{"embeddable":true,"href":"https:\/\/elinformanteperu.com\/index.php\/wp-json\/wp\/v2\/media\/97261"}],"wp:attachment":[{"href":"https:\/\/elinformanteperu.com\/index.php\/wp-json\/wp\/v2\/media?parent=97260"}],"wp:term":[{"taxonomy":"category","embeddable":true,"href":"https:\/\/elinformanteperu.com\/index.php\/wp-json\/wp\/v2\/categories?post=97260"},{"taxonomy":"post_tag","embeddable":true,"href":"https:\/\/elinformanteperu.com\/index.php\/wp-json\/wp\/v2\/tags?post=97260"}],"curies":[{"name":"wp","href":"https:\/\/api.w.org\/{rel}","templated":true}]}}