{"id":9726,"date":"2017-05-08T23:13:43","date_gmt":"2017-05-09T04:13:43","guid":{"rendered":"http:\/\/elinformanteperu.com\/?p=9726"},"modified":"2017-05-08T23:13:43","modified_gmt":"2017-05-09T04:13:43","slug":"basombrio-cambios-en-pnp-son-parte-de-una-evaluacion-permanente-de-la-labor-policial","status":"publish","type":"post","link":"https:\/\/elinformanteperu.com\/index.php\/2017\/05\/08\/basombrio-cambios-en-pnp-son-parte-de-una-evaluacion-permanente-de-la-labor-policial\/","title":{"rendered":"Basombr\u00edo: cambios en PNP son parte de una evaluaci\u00f3n permanente de la labor policial"},"content":{"rendered":"<p><span style=\"color: #000000;\"><strong>Los cambios en el comando de la Polic\u00eda Nacional anunciados son parte de una evaluaci\u00f3n permanente que se hace a la labor policial, afirm\u00f3 el ministro del Interior.<\/strong><\/span><\/p>\n<p><span style=\"color: #000000;\"><strong>Lima, 08 Mayo 2017, (ANDINA).-<\/strong> Los cambios en el comando de la Polic\u00eda Nacional anunciados son parte de una evaluaci\u00f3n permanente que se hace a la labor policial, afirm\u00f3 el ministro del Interior, Carlos Basombr\u00edo.<\/span><\/p>\n<p><span style=\"color: #000000;\">El titular del Interior admiti\u00f3 que esos cambios se relacionan en alguna forma con los casos de las manifestaciones del Movadef, grupo cercano a Sendero Luminoso, y a favor de la legalizaci\u00f3n de la marihuana, pero tambi\u00e9n tiene que ver con muchas otros aspectos que se eval\u00faan permanentemente.<\/span><\/p>\n<p><span style=\"color: #000000;\">Sin embargo, asegur\u00f3 que las medidas no son de ninguna manera, descalificadoras para los generales rotados de puestos.<\/span><\/p>\n<p><span style=\"color: #000000;\">\u00abNo han sido la mejor quincena de las unidades de manejo de disturbios hab\u00eda que ajustar un poco las cosas\u00bb, remarc\u00f3 en declaraciones a la Hora N.<\/span><\/p>\n<p><span style=\"color: #000000;\">Manifest\u00f3 que la Polic\u00eda est\u00e1 dolida y preocupada que haya quedado la impresi\u00f3n de que no tienen firmeza frente a Sendero Luminoso.<\/span><\/p>\n<p><span style=\"color: #000000;\">Empero, dijo que eso no significa que la Polic\u00eda sea ineficiente en el manejo de multitudes y que ejemplo de ello fueron los incidentes ocurridos en Huayc\u00e1n, cuando la poblaci\u00f3n enardecida pretend\u00eda quemar la comisar\u00eda o en Puente Piedra, con las manifestaciones de protesta en contra de la instalaci\u00f3n de un nuevo peaje.<\/span><\/p>\n<p><span style=\"color: #000000;\">Record\u00f3 que en ambos casos se logr\u00f3 recuperar el orden sin da\u00f1os personales que lamentar.<\/span><\/p>\n<p><span style=\"color: #000000;\">\u00abNo hay que convertir un par de malas semanas en una incapacidad\u00bb, remarc\u00f3 Basombr\u00edo Iglesias.<\/span><\/p>\n","protected":false},"excerpt":{"rendered":"<p>Los cambios en el comando de la Polic\u00eda Nacional anunciados son parte de una evaluaci\u00f3n permanente que se hace a la labor policial, afirm\u00f3 el ministro del Interior. Lima, 08 Mayo 2017, (ANDINA).- Los cambios en el comando de la Polic\u00eda Nacional anunciados son parte de una evaluaci\u00f3n permanente que se hace a la labor [&hellip;]<\/p>\n","protected":false},"author":1,"featured_media":9727,"comment_status":"open","ping_status":"open","sticky":false,"template":"","format":"standard","meta":{"rop_custom_images_group":[],"rop_custom_messages_group":[],"rop_publish_now":"initial","rop_publish_now_accounts":[],"rop_publish_now_history":[],"rop_publish_now_status":"pending","footnotes":""},"categories":[10],"tags":[212,280,438,281],"class_list":["post-9726","post","type-post","status-publish","format-standard","has-post-thumbnail","hentry","category-actualidad-municipal","tag-carlos-basombrio","tag-ministerio-del-interior","tag-pnp","tag-policia-nacional"],"_links":{"self":[{"href":"https:\/\/elinformanteperu.com\/index.php\/wp-json\/wp\/v2\/posts\/9726","targetHints":{"allow":["GET"]}}],"collection":[{"href":"https:\/\/elinformanteperu.com\/index.php\/wp-json\/wp\/v2\/posts"}],"about":[{"href":"https:\/\/elinformanteperu.com\/index.php\/wp-json\/wp\/v2\/types\/post"}],"author":[{"embeddable":true,"href":"https:\/\/elinformanteperu.com\/index.php\/wp-json\/wp\/v2\/users\/1"}],"replies":[{"embeddable":true,"href":"https:\/\/elinformanteperu.com\/index.php\/wp-json\/wp\/v2\/comments?post=9726"}],"version-history":[{"count":1,"href":"https:\/\/elinformanteperu.com\/index.php\/wp-json\/wp\/v2\/posts\/9726\/revisions"}],"predecessor-version":[{"id":9728,"href":"https:\/\/elinformanteperu.com\/index.php\/wp-json\/wp\/v2\/posts\/9726\/revisions\/9728"}],"wp:featuredmedia":[{"embeddable":true,"href":"https:\/\/elinformanteperu.com\/index.php\/wp-json\/wp\/v2\/media\/9727"}],"wp:attachment":[{"href":"https:\/\/elinformanteperu.com\/index.php\/wp-json\/wp\/v2\/media?parent=9726"}],"wp:term":[{"taxonomy":"category","embeddable":true,"href":"https:\/\/elinformanteperu.com\/index.php\/wp-json\/wp\/v2\/categories?post=9726"},{"taxonomy":"post_tag","embeddable":true,"href":"https:\/\/elinformanteperu.com\/index.php\/wp-json\/wp\/v2\/tags?post=9726"}],"curies":[{"name":"wp","href":"https:\/\/api.w.org\/{rel}","templated":true}]}}