{"id":97257,"date":"2021-05-07T23:49:03","date_gmt":"2021-05-08T04:49:03","guid":{"rendered":"https:\/\/elinformanteperu.com\/?p=97257"},"modified":"2021-05-07T23:49:03","modified_gmt":"2021-05-08T04:49:03","slug":"la-libertad-iniciara-la-proxima-semana-vacunacion-de-adultos-entre-70-y-79-anos","status":"publish","type":"post","link":"https:\/\/elinformanteperu.com\/index.php\/2021\/05\/07\/la-libertad-iniciara-la-proxima-semana-vacunacion-de-adultos-entre-70-y-79-anos\/","title":{"rendered":"La Libertad iniciar\u00e1 la pr\u00f3xima semana vacunaci\u00f3n de adultos entre 70 y 79 a\u00f1os"},"content":{"rendered":"<p><strong><span style=\"color: #000000;\">Regi\u00f3n recibir\u00e1 un lote de 23,400 dosis del laboratorio Pfizer<\/span><\/strong><\/p>\n<p><span style=\"color: #000000;\"><strong>Trujillo, 07 Mayo, (ANDINA).-<\/strong> El Ministerio de Salud (Minsa) enviar\u00e1 un lote de 23,400 dosis de la vacuna Pfizer a la regi\u00f3n La Libertad para iniciar el proceso de inmunizaci\u00f3n de adultos mayores entre 70 y 79 a\u00f1os, confirm\u00f3 la gerente de Salud, Kerstyn Morote Garc\u00eda.<\/span><\/p>\n<p><span style=\"color: #000000;\">Oportunamente se coordinar\u00e1 los distritos y provincias liberte\u00f1as donde ser\u00e1n distribuidas estas dosis, detall\u00f3 la funcionaria.<\/span><\/p>\n<p><span style=\"color: #000000;\">Asimismo, se iniciar\u00e1 tambi\u00e9n la vacunaci\u00f3n de personas mayores de 80 a\u00f1os en las provincias de Otuzco, Julc\u00e1n, Santiago de Chuco, S\u00e1nchez Carri\u00f3n, Pataz, Bol\u00edvar y Gran Chim\u00fa, ubicadas en la zona andina de la regi\u00f3n y las que registran las menores tasas de letalidad por covid-19 en La Libertad.<\/span><\/p>\n<p><span style=\"color: #000000;\">Respecto al proceso de vacunaci\u00f3n de personas mayores de 80 a\u00f1os en Trujillo, Morote Garc\u00eda mencion\u00f3 que, ante la reducci\u00f3n significativa de la presencia de estos adultos mayores en los centros de vacunaci\u00f3n, y con la finalidad de optimizar los recursos, se reducir\u00e1n a 5 los puntos de inmunizaci\u00f3n.<\/span><\/p>\n<p><span style=\"color: #000000;\">\u201cVamos a publicar, mediante nuestros medios oficiales, cu\u00e1les van a ser esos 5 puntos de vacunaci\u00f3n que quedar\u00e1n habilitados hasta completar la inmunizaci\u00f3n de todos los adultos mayores\u201d, apunt\u00f3.<\/span><\/p>\n<p><strong><span style=\"color: #000000;\">Ausentismo<\/span><\/strong><\/p>\n<p><span style=\"color: #000000;\">La gerente de Salud explic\u00f3 que la disminuci\u00f3n de adultos mayores se deber\u00eda a varias razones, por ejemplo, a la negativa de vacunarse, a que est\u00e1n pasando por un cuadro de contagio o que el padr\u00f3n brindado por el Registro Nacional de Identificaci\u00f3n y Estado Civil (Reniec) sea inexacto.<\/span><\/p>\n<p><span style=\"color: #000000;\">Mencion\u00f3 tambi\u00e9n que hay alrededor de 1,800 adultos mayores que van a ser inoculados en sus viviendas, debido a las dificultades que presentan para desplazarse.<\/span><\/p>\n<p><span style=\"color: #000000;\">Asimismo, asever\u00f3 que en las provincias de Chep\u00e9n, Pacasmayo y Vir\u00fa las brigadas de salud se encuentran en la \u201cetapa de rastrillaje\u201d, que consiste en buscar casa por casa a las personas mayores de 80 a\u00f1os para que sean inmunizadas.<\/span><\/p>\n<p><strong><span style=\"color: #000000;\">Todos ser\u00e1n vacunados<\/span><\/strong><\/p>\n<p><span style=\"color: #000000;\">Por su parte, el gerente general del Gobierno Regional de La Libertad, Roger Ruiz, asegur\u00f3 que se est\u00e1 siguiendo el protocolo de vacunaci\u00f3n establecido por el Minsa y a\u00f1adi\u00f3 que las nuevas disposiciones tambi\u00e9n han sido coordinadas con el \u00f3rgano rector.<\/span><\/p>\n<p><span style=\"color: #000000;\">\u201cVamos a vacunar hasta el \u00faltimo adulto mayor de 80 a\u00f1os y, despu\u00e9s, continuaremos con el siguiente grupo de edad\u201d, a\u00f1adi\u00f3.<\/span><\/p>\n<p><span style=\"color: #000000;\">Las autoridades aseguraron que en cada provincia o distrito que se haya llegado al 80% de inmunizados entre mayores de 80 a\u00f1os \u2013y en coordinaci\u00f3n con las autoridades locales\u2013 se podr\u00e1 vacunar al siguiente grupo etario.<\/span><\/p>\n","protected":false},"excerpt":{"rendered":"<p>Regi\u00f3n recibir\u00e1 un lote de 23,400 dosis del laboratorio Pfizer Trujillo, 07 Mayo, (ANDINA).- El Ministerio de Salud (Minsa) enviar\u00e1 un lote de 23,400 dosis de la vacuna Pfizer a la regi\u00f3n La Libertad para iniciar el proceso de inmunizaci\u00f3n de adultos mayores entre 70 y 79 a\u00f1os, confirm\u00f3 la gerente de Salud, Kerstyn Morote [&hellip;]<\/p>\n","protected":false},"author":1,"featured_media":97258,"comment_status":"closed","ping_status":"closed","sticky":false,"template":"","format":"standard","meta":{"rop_custom_images_group":[],"rop_custom_messages_group":[],"rop_publish_now":"initial","rop_publish_now_accounts":[],"rop_publish_now_history":[],"rop_publish_now_status":"pending","footnotes":""},"categories":[10],"tags":[6491,4270,388,431,6364,146,3362,5939],"class_list":["post-97257","post","type-post","status-publish","format-standard","has-post-thumbnail","hentry","category-actualidad-municipal","tag-gobierno-regional-de-la-libertad","tag-la-libertad","tag-ministerio-de-salud","tag-minsa","tag-pfizer","tag-reniec","tag-trujillo","tag-vacunacion"],"_links":{"self":[{"href":"https:\/\/elinformanteperu.com\/index.php\/wp-json\/wp\/v2\/posts\/97257","targetHints":{"allow":["GET"]}}],"collection":[{"href":"https:\/\/elinformanteperu.com\/index.php\/wp-json\/wp\/v2\/posts"}],"about":[{"href":"https:\/\/elinformanteperu.com\/index.php\/wp-json\/wp\/v2\/types\/post"}],"author":[{"embeddable":true,"href":"https:\/\/elinformanteperu.com\/index.php\/wp-json\/wp\/v2\/users\/1"}],"replies":[{"embeddable":true,"href":"https:\/\/elinformanteperu.com\/index.php\/wp-json\/wp\/v2\/comments?post=97257"}],"version-history":[{"count":1,"href":"https:\/\/elinformanteperu.com\/index.php\/wp-json\/wp\/v2\/posts\/97257\/revisions"}],"predecessor-version":[{"id":97259,"href":"https:\/\/elinformanteperu.com\/index.php\/wp-json\/wp\/v2\/posts\/97257\/revisions\/97259"}],"wp:featuredmedia":[{"embeddable":true,"href":"https:\/\/elinformanteperu.com\/index.php\/wp-json\/wp\/v2\/media\/97258"}],"wp:attachment":[{"href":"https:\/\/elinformanteperu.com\/index.php\/wp-json\/wp\/v2\/media?parent=97257"}],"wp:term":[{"taxonomy":"category","embeddable":true,"href":"https:\/\/elinformanteperu.com\/index.php\/wp-json\/wp\/v2\/categories?post=97257"},{"taxonomy":"post_tag","embeddable":true,"href":"https:\/\/elinformanteperu.com\/index.php\/wp-json\/wp\/v2\/tags?post=97257"}],"curies":[{"name":"wp","href":"https:\/\/api.w.org\/{rel}","templated":true}]}}