{"id":97254,"date":"2021-05-07T23:45:02","date_gmt":"2021-05-08T04:45:02","guid":{"rendered":"https:\/\/elinformanteperu.com\/?p=97254"},"modified":"2021-05-07T23:45:02","modified_gmt":"2021-05-08T04:45:02","slug":"trujillo-60-parejas-se-dieron-el-si-en-matrimonio-civil-comunitario-virtual","status":"publish","type":"post","link":"https:\/\/elinformanteperu.com\/index.php\/2021\/05\/07\/trujillo-60-parejas-se-dieron-el-si-en-matrimonio-civil-comunitario-virtual\/","title":{"rendered":"Trujillo: 60 parejas se dieron el s\u00ed en matrimonio civil comunitario virtual"},"content":{"rendered":"<p><strong><span style=\"color: #000000;\">En lo que va de la pandemia la comuna provincial alrededor de 200 parejas contrajeron nupcias<\/span><\/strong><\/p>\n<p><span style=\"color: #000000;\"><strong>La Libertad, 07 Mayo, (ANDINA).-<\/strong> Un total de 60 parejas se dieron el \u201cs\u00ed acepto\u201d de forma virtual en el primer matrimonio civil comunitario, bajo la modalidad virtual, organizado por la municipalidad provincial de Trujillo (La Libertad), a fin de garantizar el cumplimiento de los protocolos de bioseguridad contra la covid-19.<\/span><\/p>\n<p><span style=\"color: #000000;\">Una sola pareja contrajo nupcias de manera presencial en representaci\u00f3n de las otras 59, la misma que fue elegida mediante sorteo. Luis Yangle Leiva y Johana Che Vidal, con 12 a\u00f1os de relaci\u00f3n, aceptaron p\u00fablicamente su uni\u00f3n en el sal\u00f3n consistorial del municipio trujillano, y, por ende, su conformaci\u00f3n legal como una nueva familia trujillana.<\/span><\/p>\n<p><span style=\"color: #000000;\">\u00abMe siento orgulloso de llegar a este momento y agradecemos a las autoridades municipales por el apoyo que nos brindaron para concretar este sue\u00f1o\u00bb, manifest\u00f3 el novio; mientras que la novia expres\u00f3 con notoria emoci\u00f3n que \u00abespera que, con la bendici\u00f3n de Dios, todo marche bien. Solo nos falta el matrimonio religioso\u00bb.<\/span><\/p>\n<p><span style=\"color: #000000;\">El resto de contrayentes, en tanto, se conectaron a la plataforma virtual y esperaron el inicio de la ceremonia; los representantes de la comuna leyeron los art\u00edculos del C\u00f3digo Civil, que norman el matrimonio y la sociedad conyugal en el Per\u00fa; asimismo, las preguntas de rigor, para luego declararlos esposos ante la sociedad.<\/span><\/p>\n<p><strong><span style=\"color: #000000;\">200 parejas<\/span><\/strong><\/p>\n<p><span style=\"color: #000000;\">Por su parte, la jefa de Registros Civiles, Paola Alcalde, resalt\u00f3 que esta es la primera municipalidad en el norte del pa\u00eds en celebrar una ceremonia de este tipo, m\u00e1s a\u00fan en un contexto de pandemia de la covid-19.<\/span><\/p>\n<p><span style=\"color: #000000;\">\u00abSon m\u00e1s de 200 parejas las que han contra\u00eddo matrimonio en este tiempo. Las parejas desean seguir cas\u00e1ndose; nosotros facilitamos [las cosas para concretar] su deseo, tal como lo expresan las leyes de nuestro pa\u00eds\u00bb, se\u00f1al\u00f3.<\/span><\/p>\n<p><span style=\"color: #000000;\">La funcionaria invit\u00f3 a las parejas de la comunidad que desean casarse a acercarse a la sede de Registros Civiles (Av. Espa\u00f1a 746, frente a la concha ac\u00fastica) de lunes a viernes, de 07:30 a 15:00 horas; llamar al 044-484240 (anexos 126 y 160) o enviar un email a <strong>rciviles@munitrujillo.gob.pe<\/strong>, para conocer los requisitos de Ley.<\/span><\/p>\n<p><span style=\"color: #000000;\">Remarc\u00f3 que la instituci\u00f3n est\u00e1 atendiendo la necesidad de los contrayentes, en el contexto de la pandemia del nuevo coronavirus y espera que esta ceremonia, la m\u00e1s importante de sus vidas, perdure para la posteridad.<\/span><\/p>\n","protected":false},"excerpt":{"rendered":"<p>En lo que va de la pandemia la comuna provincial alrededor de 200 parejas contrajeron nupcias La Libertad, 07 Mayo, (ANDINA).- Un total de 60 parejas se dieron el \u201cs\u00ed acepto\u201d de forma virtual en el primer matrimonio civil comunitario, bajo la modalidad virtual, organizado por la municipalidad provincial de Trujillo (La Libertad), a fin [&hellip;]<\/p>\n","protected":false},"author":1,"featured_media":97255,"comment_status":"closed","ping_status":"closed","sticky":false,"template":"","format":"standard","meta":{"rop_custom_images_group":[],"rop_custom_messages_group":[],"rop_publish_now":"initial","rop_publish_now_accounts":[],"rop_publish_now_history":[],"rop_publish_now_status":"pending","footnotes":""},"categories":[10],"tags":[4270,1362,3362],"class_list":["post-97254","post","type-post","status-publish","format-standard","has-post-thumbnail","hentry","category-actualidad-municipal","tag-la-libertad","tag-municipalidad-provincial-de-trujillo","tag-trujillo"],"_links":{"self":[{"href":"https:\/\/elinformanteperu.com\/index.php\/wp-json\/wp\/v2\/posts\/97254","targetHints":{"allow":["GET"]}}],"collection":[{"href":"https:\/\/elinformanteperu.com\/index.php\/wp-json\/wp\/v2\/posts"}],"about":[{"href":"https:\/\/elinformanteperu.com\/index.php\/wp-json\/wp\/v2\/types\/post"}],"author":[{"embeddable":true,"href":"https:\/\/elinformanteperu.com\/index.php\/wp-json\/wp\/v2\/users\/1"}],"replies":[{"embeddable":true,"href":"https:\/\/elinformanteperu.com\/index.php\/wp-json\/wp\/v2\/comments?post=97254"}],"version-history":[{"count":1,"href":"https:\/\/elinformanteperu.com\/index.php\/wp-json\/wp\/v2\/posts\/97254\/revisions"}],"predecessor-version":[{"id":97256,"href":"https:\/\/elinformanteperu.com\/index.php\/wp-json\/wp\/v2\/posts\/97254\/revisions\/97256"}],"wp:featuredmedia":[{"embeddable":true,"href":"https:\/\/elinformanteperu.com\/index.php\/wp-json\/wp\/v2\/media\/97255"}],"wp:attachment":[{"href":"https:\/\/elinformanteperu.com\/index.php\/wp-json\/wp\/v2\/media?parent=97254"}],"wp:term":[{"taxonomy":"category","embeddable":true,"href":"https:\/\/elinformanteperu.com\/index.php\/wp-json\/wp\/v2\/categories?post=97254"},{"taxonomy":"post_tag","embeddable":true,"href":"https:\/\/elinformanteperu.com\/index.php\/wp-json\/wp\/v2\/tags?post=97254"}],"curies":[{"name":"wp","href":"https:\/\/api.w.org\/{rel}","templated":true}]}}