{"id":97248,"date":"2021-05-07T23:01:01","date_gmt":"2021-05-08T04:01:01","guid":{"rendered":"https:\/\/elinformanteperu.com\/?p=97248"},"modified":"2021-05-07T23:01:01","modified_gmt":"2021-05-08T04:01:01","slug":"neymar-firmara-este-sabado-su-renovacion-hasta-2026-segun-prensa","status":"publish","type":"post","link":"https:\/\/elinformanteperu.com\/index.php\/2021\/05\/07\/neymar-firmara-este-sabado-su-renovacion-hasta-2026-segun-prensa\/","title":{"rendered":"Neymar firmar\u00e1 este s\u00e1bado su renovaci\u00f3n hasta 2026, seg\u00fan prensa"},"content":{"rendered":"<p><span style=\"color: #000000;\"><strong>Par\u00eds, 07 Mayo, (ANDINA).-<\/strong> El atacante brasile\u00f1o Neymar firmar\u00e1 ma\u00f1ana s\u00e1bado su renovaci\u00f3n con el Paris Saint-Germain hasta 2026, informa este viernes el diario L&#8217;Equipe en su edici\u00f3n digital.<\/span><\/p>\n<p><span style=\"color: #000000;\">Neymar, a quien le quedaba un a\u00f1o de contrato con el PSG, hab\u00eda sido objeto de informaciones sobre un posible retorno al FC Barcelona, una hip\u00f3tesis que parece quedar descartada si finalmente se confirma esta renovaci\u00f3n.<\/span><\/p>\n<p><span style=\"color: #000000;\">\u00abEs obvio que me siento a gusto y me siento en casa aqu\u00ed en el PSG. Estoy m\u00e1s feliz que antes\u00bb, hab\u00eda declarado la estrella brasile\u00f1a el mes pasado a una cadena de televisi\u00f3n de su pa\u00eds.<\/span><\/p>\n<p><span style=\"color: #000000;\">Neymar, que cumpli\u00f3 29 a\u00f1os en febrero pasado, se mostr\u00f3 ayer \u00aborgulloso con la entrega de todo el equipo\u00bb en la derrota ante el Manchester City del pasado mi\u00e9rcoles que les impidi\u00f3 llegar por segundo a\u00f1o a la final de la Liga de Campeones.<\/span><\/p>\n<blockquote class=\"twitter-tweet\">\n<p dir=\"ltr\" lang=\"fr\">Neymar prolonge ce samedi son contrat avec le PSG jusqu&#8217;en 2026<\/p>\n<p>Arriv\u00e9e en 2017 \u00e0 Paris, la star br\u00e9silienne prolongera ce samedi son contrat de quatre ans. Neymar sera li\u00e9 au PSG jusqu&#8217;en 2026 : <a href=\"https:\/\/t.co\/Aeg71RJEyB\">https:\/\/t.co\/Aeg71RJEyB<\/a> <a href=\"https:\/\/t.co\/yKN64PO8OC\">pic.twitter.com\/yKN64PO8OC<\/a><\/p>\n<p>\u2014 L&#8217;\u00c9QUIPE (@lequipe) <a href=\"https:\/\/twitter.com\/lequipe\/status\/1390782145883525122?ref_src=twsrc%5Etfw\">May 7, 2021<\/a><\/p><\/blockquote>\n<p><script async src=\"https:\/\/platform.twitter.com\/widgets.js\" charset=\"utf-8\"><\/script><\/p>\n","protected":false},"excerpt":{"rendered":"<p>Par\u00eds, 07 Mayo, (ANDINA).- El atacante brasile\u00f1o Neymar firmar\u00e1 ma\u00f1ana s\u00e1bado su renovaci\u00f3n con el Paris Saint-Germain hasta 2026, informa este viernes el diario L&#8217;Equipe en su edici\u00f3n digital. Neymar, a quien le quedaba un a\u00f1o de contrato con el PSG, hab\u00eda sido objeto de informaciones sobre un posible retorno al FC Barcelona, una hip\u00f3tesis [&hellip;]<\/p>\n","protected":false},"author":1,"featured_media":97249,"comment_status":"closed","ping_status":"closed","sticky":false,"template":"","format":"standard","meta":{"rop_custom_images_group":[],"rop_custom_messages_group":[],"rop_publish_now":"initial","rop_publish_now_accounts":[],"rop_publish_now_history":[],"rop_publish_now_status":"pending","footnotes":""},"categories":[8],"tags":[88,2022,1102],"class_list":["post-97248","post","type-post","status-publish","format-standard","has-post-thumbnail","hentry","category-disciplinas-deportivas","tag-neymar","tag-paris-saint-germain","tag-psg"],"_links":{"self":[{"href":"https:\/\/elinformanteperu.com\/index.php\/wp-json\/wp\/v2\/posts\/97248","targetHints":{"allow":["GET"]}}],"collection":[{"href":"https:\/\/elinformanteperu.com\/index.php\/wp-json\/wp\/v2\/posts"}],"about":[{"href":"https:\/\/elinformanteperu.com\/index.php\/wp-json\/wp\/v2\/types\/post"}],"author":[{"embeddable":true,"href":"https:\/\/elinformanteperu.com\/index.php\/wp-json\/wp\/v2\/users\/1"}],"replies":[{"embeddable":true,"href":"https:\/\/elinformanteperu.com\/index.php\/wp-json\/wp\/v2\/comments?post=97248"}],"version-history":[{"count":1,"href":"https:\/\/elinformanteperu.com\/index.php\/wp-json\/wp\/v2\/posts\/97248\/revisions"}],"predecessor-version":[{"id":97250,"href":"https:\/\/elinformanteperu.com\/index.php\/wp-json\/wp\/v2\/posts\/97248\/revisions\/97250"}],"wp:featuredmedia":[{"embeddable":true,"href":"https:\/\/elinformanteperu.com\/index.php\/wp-json\/wp\/v2\/media\/97249"}],"wp:attachment":[{"href":"https:\/\/elinformanteperu.com\/index.php\/wp-json\/wp\/v2\/media?parent=97248"}],"wp:term":[{"taxonomy":"category","embeddable":true,"href":"https:\/\/elinformanteperu.com\/index.php\/wp-json\/wp\/v2\/categories?post=97248"},{"taxonomy":"post_tag","embeddable":true,"href":"https:\/\/elinformanteperu.com\/index.php\/wp-json\/wp\/v2\/tags?post=97248"}],"curies":[{"name":"wp","href":"https:\/\/api.w.org\/{rel}","templated":true}]}}