{"id":97243,"date":"2021-05-07T22:49:19","date_gmt":"2021-05-08T03:49:19","guid":{"rendered":"https:\/\/elinformanteperu.com\/?p=97243"},"modified":"2021-05-07T22:49:19","modified_gmt":"2021-05-08T03:49:19","slug":"andre-carrillo-se-suma-a-la-liga-contra-el-cancer-y-pide-a-peruanos-ser-voluntarios","status":"publish","type":"post","link":"https:\/\/elinformanteperu.com\/index.php\/2021\/05\/07\/andre-carrillo-se-suma-a-la-liga-contra-el-cancer-y-pide-a-peruanos-ser-voluntarios\/","title":{"rendered":"Andr\u00e9 Carrillo se suma a la Liga Contra el C\u00e1ncer y pide a peruanos ser voluntarios"},"content":{"rendered":"<p><span style=\"color: #000000;\"><strong>Lima, 07 Mayo, (ANDINA).<\/strong>&#8211; Tras d\u00edas de suspenso generados por una publicaci\u00f3n en las redes sociales del jugador peruano, Andr\u00e9 Carrillo, en donde dejaba entrever que hab\u00eda sido fichado por una nueva liga, el delantero del Al Hilal de Arabia Saudita, confirm\u00f3 que este fichaje se tratar\u00eda para una de las ligas m\u00e1s importantes y que necesita del apoyo de todos los peruanos: La Liga Contra el C\u00e1ncer.<\/span><\/p>\n<p><span style=\"color: #000000;\">A trav\u00e9s de un emotivo video grabado desde Dubai y publicado en sus redes sociales, el delantero confirm\u00f3 su participaci\u00f3n: \u201cHace unos d\u00edas dije que me estaba preparando para jugar en una liga peruana. Y es verdad, voy a empezar a jugar en una Liga que, con la pandemia, perdi\u00f3 todo apoyo\u2026La Liga Contra el C\u00e1ncer\u201d, se\u00f1al\u00f3 el mundialista de la selecci\u00f3n peruana.<\/span><\/p>\n<p><span style=\"color: #000000;\">De esta manera, el delantero que ha sido nombrado por la instituci\u00f3n como Embajador de la Prevenci\u00f3n del C\u00e1ncer, lidera la campa\u00f1a \u201cLa Liga de las Ligas\u201d, con la cual busca dar a conocer en la poblaci\u00f3n, que si bien existen diversas ligas deportivas que son aclamadas por muchos, existe una Liga que necesita el apoyo de todos los peruanos, sobre todo, durante la pandemia, dado que el c\u00e1ncer en nuestro pa\u00eds contin\u00faa afectando a miles de peruanos.<\/span><\/p>\n<p><span style=\"color: #000000;\">Es as\u00ed, que \u201cla culebra\u201d alent\u00f3 a todos los peruanos a jugar con \u00e9l, inscribi\u00e9ndose como Voluntarios Digitales para la Colecta P\u00fablica 2021 de la instituci\u00f3n, la cual se realizar\u00e1 en los pr\u00f3ximos meses. \u201c\u00a1Vamos Per\u00fa! Esta es la Liga en la que todos tenemos que jugar\u201d, se visualiza.<\/span><\/p>\n<p><span style=\"color: #000000;\">Los peruanos que deseen unirse a \u201cLa Liga de las Ligas\u201d como Voluntarios Digitales, podr\u00e1n inscribirse ingresando a <strong>www.voluntariadoligacancer.com<\/strong>.<\/span><\/p>\n<p><span style=\"color: #000000;\">La Gran Misi\u00f3n de este a\u00f1o ser\u00e1: compartir los mensajes de la Colecta P\u00fablica en todas sus redes sociales para lograr que m\u00e1s peruanos donen y apoyen esta Gran Cruzada de Prevenci\u00f3n. Con lo recaudado, la instituci\u00f3n podr\u00e1 continuar realizando acciones de prevenci\u00f3n de c\u00e1ncer en las zonas menos favorecidas.<\/span><\/p>\n<p><span style=\"color: #000000;\">Para convertirse en Voluntario Digital de la instituci\u00f3n sol se deber\u00e1: Ser mayor de 16 a\u00f1os, tener acceso a internet, contar con redes sociales activas como Facebook, Instagram, LinkedIn, entre otras. Asistir a las capacitaciones digitales establecidas por la instituci\u00f3n, tener disponibilidad de tiempo, al menos 2 horas diarias, entre otros.<\/span><\/p>\n<p><span style=\"color: #000000;\">Por otro lado, considerando que en el Per\u00fa existen muchas empresas solidarias que suelen contribuir con la prevenci\u00f3n del c\u00e1ncer en el Per\u00fa, la instituci\u00f3n ha lanzado su Programa de Voluntariado Empresarial, en donde los colaboradores tambi\u00e9n podr\u00e1n participar de la Colecta P\u00fablica de forma digital.<\/span><\/p>\n<p><span style=\"color: #000000;\">Si tu empresa desea ser parte de este programa, puedes solicitar informaci\u00f3n escribiendo a voluntariadoligacancer@gmail.com o llamando al 988562259.<\/span><\/p>\n<p><iframe title=\"YouTube video player\" src=\"https:\/\/www.youtube-nocookie.com\/embed\/qxTrdiySfco?controls=0\" width=\"520\" height=\"315\" frameborder=\"0\" allowfullscreen=\"allowfullscreen\"><span data-mce-type=\"bookmark\" style=\"display: inline-block; width: 0px; overflow: hidden; line-height: 0;\" class=\"mce_SELRES_start\">\ufeff<\/span><\/iframe><\/p>\n","protected":false},"excerpt":{"rendered":"<p>Lima, 07 Mayo, (ANDINA).&#8211; Tras d\u00edas de suspenso generados por una publicaci\u00f3n en las redes sociales del jugador peruano, Andr\u00e9 Carrillo, en donde dejaba entrever que hab\u00eda sido fichado por una nueva liga, el delantero del Al Hilal de Arabia Saudita, confirm\u00f3 que este fichaje se tratar\u00eda para una de las ligas m\u00e1s importantes y [&hellip;]<\/p>\n","protected":false},"author":1,"featured_media":83804,"comment_status":"closed","ping_status":"closed","sticky":false,"template":"","format":"standard","meta":{"rop_custom_images_group":[],"rop_custom_messages_group":[],"rop_publish_now":"initial","rop_publish_now_accounts":[],"rop_publish_now_history":[],"rop_publish_now_status":"pending","footnotes":""},"categories":[8],"tags":[711,932],"class_list":["post-97243","post","type-post","status-publish","format-standard","has-post-thumbnail","hentry","category-disciplinas-deportivas","tag-andre-carrillo","tag-liga-contra-el-cancer"],"_links":{"self":[{"href":"https:\/\/elinformanteperu.com\/index.php\/wp-json\/wp\/v2\/posts\/97243","targetHints":{"allow":["GET"]}}],"collection":[{"href":"https:\/\/elinformanteperu.com\/index.php\/wp-json\/wp\/v2\/posts"}],"about":[{"href":"https:\/\/elinformanteperu.com\/index.php\/wp-json\/wp\/v2\/types\/post"}],"author":[{"embeddable":true,"href":"https:\/\/elinformanteperu.com\/index.php\/wp-json\/wp\/v2\/users\/1"}],"replies":[{"embeddable":true,"href":"https:\/\/elinformanteperu.com\/index.php\/wp-json\/wp\/v2\/comments?post=97243"}],"version-history":[{"count":1,"href":"https:\/\/elinformanteperu.com\/index.php\/wp-json\/wp\/v2\/posts\/97243\/revisions"}],"predecessor-version":[{"id":97244,"href":"https:\/\/elinformanteperu.com\/index.php\/wp-json\/wp\/v2\/posts\/97243\/revisions\/97244"}],"wp:featuredmedia":[{"embeddable":true,"href":"https:\/\/elinformanteperu.com\/index.php\/wp-json\/wp\/v2\/media\/83804"}],"wp:attachment":[{"href":"https:\/\/elinformanteperu.com\/index.php\/wp-json\/wp\/v2\/media?parent=97243"}],"wp:term":[{"taxonomy":"category","embeddable":true,"href":"https:\/\/elinformanteperu.com\/index.php\/wp-json\/wp\/v2\/categories?post=97243"},{"taxonomy":"post_tag","embeddable":true,"href":"https:\/\/elinformanteperu.com\/index.php\/wp-json\/wp\/v2\/tags?post=97243"}],"curies":[{"name":"wp","href":"https:\/\/api.w.org\/{rel}","templated":true}]}}