{"id":97238,"date":"2021-05-07T22:25:03","date_gmt":"2021-05-08T03:25:03","guid":{"rendered":"https:\/\/elinformanteperu.com\/?p=97238"},"modified":"2021-05-07T22:25:03","modified_gmt":"2021-05-08T03:25:03","slug":"artistas-peruanos-se-suman-a-la-campana-de-disney-tiempo-de-celebrar-un-mensaje-de-bondad-y-valentia","status":"publish","type":"post","link":"https:\/\/elinformanteperu.com\/index.php\/2021\/05\/07\/artistas-peruanos-se-suman-a-la-campana-de-disney-tiempo-de-celebrar-un-mensaje-de-bondad-y-valentia\/","title":{"rendered":"Artistas peruanos se suman a la campa\u00f1a de Disney \u00abTiempo de celebrar\u00bb, un mensaje de bondad y valent\u00eda"},"content":{"rendered":"<p><span style=\"color: #000000;\"><strong>Lima, 07 Mayo, (El Informante Per\u00fa).- <\/strong>Cuatro personalidades peruanas, la cantante Anna Carina Copello, la conductora de televisi\u00f3n Mar\u00eda Julia \u201cMaju\u201d Mantilla, la bailarina Vania Mas\u00edas y la creadora de contenido, Diana \u201cDidi Ibarra\u201d se unen para transmitir un mensaje de valent\u00eda y bondad a trav\u00e9s de la campa\u00f1a global Disney Princesa \u201cTiempo de Celebrar\u201d; en donde desarrollar\u00e1n diversas acciones multiplataforma a lo largo del a\u00f1o.<\/span><\/p>\n<p><span style=\"color: #000000;\">Ellas son parte de un video que busca transmitir un mensaje de valent\u00eda y bondad para inspirar a ni\u00f1as, ni\u00f1os y j\u00f3venes e impulsarlos a perseguir sus sue\u00f1os, buscan<\/span><span style=\"color: #000000;\">\u00a0transmitir, a trav\u00e9s de sus historias de superaci\u00f3n, los atributos que caracterizan a las Princesas de Disney La bondad, la valent\u00eda, la actitud y el coraje, se reflejan en el video con un mensaje positivo para la audiencia.<\/span><\/p>\n<p><img fetchpriority=\"high\" decoding=\"async\" class=\"aligncenter size-full wp-image-97240\" src=\"https:\/\/elinformanteperu.com\/wp-content\/uploads\/2021\/05\/Disney-Vania-Masias.jpg\" alt=\"\" width=\"829\" height=\"517\" srcset=\"https:\/\/elinformanteperu.com\/wp-content\/uploads\/2021\/05\/Disney-Vania-Masias.jpg 829w, https:\/\/elinformanteperu.com\/wp-content\/uploads\/2021\/05\/Disney-Vania-Masias-300x187.jpg 300w, https:\/\/elinformanteperu.com\/wp-content\/uploads\/2021\/05\/Disney-Vania-Masias-768x479.jpg 768w\" sizes=\"(max-width: 829px) 100vw, 829px\" \/><\/p>\n<p><span style=\"color: #000000;\">El video, que refleja los pilares de la campa\u00f1a resaltando aquellos valores que han acompa\u00f1ado a lo largo del tiempo a las Princesas de Disney, muestra a las cuatro personalidades locales con ni\u00f1as que, al igual que ellas, presentan distintos talentos y se animan a cumplir sus sue\u00f1os.<\/span><\/p>\n<p><span style=\"color: #000000;\">Disney Princesa \u201cTiempo de Celebrar\u201d presentar\u00e1 a lo largo del 2021 una serie de iniciativas multiplataforma con diversos contenidos especiales para transmitir el mensaje de valent\u00eda y bondad. En Latinoam\u00e9rica, pa\u00edses como Colombia, Brasil y M\u00e9xico tambi\u00e9n mostrar\u00e1n, a trav\u00e9s de sus personalidades locales, historias de superaci\u00f3n, coraje y solidaridad.<\/span><\/p>\n<p><img decoding=\"async\" class=\"aligncenter size-full wp-image-97241\" src=\"https:\/\/elinformanteperu.com\/wp-content\/uploads\/2021\/05\/Maju-Mantilla-y-Ana-Karina-Copello-Disney.jpg\" alt=\"\" width=\"662\" height=\"511\" srcset=\"https:\/\/elinformanteperu.com\/wp-content\/uploads\/2021\/05\/Maju-Mantilla-y-Ana-Karina-Copello-Disney.jpg 662w, https:\/\/elinformanteperu.com\/wp-content\/uploads\/2021\/05\/Maju-Mantilla-y-Ana-Karina-Copello-Disney-300x232.jpg 300w\" sizes=\"(max-width: 662px) 100vw, 662px\" \/><\/p>\n<p><iframe title=\"YouTube video player\" src=\"https:\/\/www.youtube-nocookie.com\/embed\/MNQox-SYBPo?controls=0\" width=\"520\" height=\"315\" frameborder=\"0\" allowfullscreen=\"allowfullscreen\"><span data-mce-type=\"bookmark\" style=\"display: inline-block; width: 0px; overflow: hidden; line-height: 0;\" class=\"mce_SELRES_start\">\ufeff<\/span><\/iframe><\/p>\n","protected":false},"excerpt":{"rendered":"<p>Lima, 07 Mayo, (El Informante Per\u00fa).- Cuatro personalidades peruanas, la cantante Anna Carina Copello, la conductora de televisi\u00f3n Mar\u00eda Julia \u201cMaju\u201d Mantilla, la bailarina Vania Mas\u00edas y la creadora de contenido, Diana \u201cDidi Ibarra\u201d se unen para transmitir un mensaje de valent\u00eda y bondad a trav\u00e9s de la campa\u00f1a global Disney Princesa \u201cTiempo de Celebrar\u201d; [&hellip;]<\/p>\n","protected":false},"author":1,"featured_media":97239,"comment_status":"closed","ping_status":"closed","sticky":false,"template":"","format":"standard","meta":{"rop_custom_images_group":[],"rop_custom_messages_group":[],"rop_publish_now":"initial","rop_publish_now_accounts":[],"rop_publish_now_history":[],"rop_publish_now_status":"pending","footnotes":""},"categories":[70],"tags":[],"class_list":["post-97238","post","type-post","status-publish","format-standard","has-post-thumbnail","hentry","category-farandula"],"_links":{"self":[{"href":"https:\/\/elinformanteperu.com\/index.php\/wp-json\/wp\/v2\/posts\/97238","targetHints":{"allow":["GET"]}}],"collection":[{"href":"https:\/\/elinformanteperu.com\/index.php\/wp-json\/wp\/v2\/posts"}],"about":[{"href":"https:\/\/elinformanteperu.com\/index.php\/wp-json\/wp\/v2\/types\/post"}],"author":[{"embeddable":true,"href":"https:\/\/elinformanteperu.com\/index.php\/wp-json\/wp\/v2\/users\/1"}],"replies":[{"embeddable":true,"href":"https:\/\/elinformanteperu.com\/index.php\/wp-json\/wp\/v2\/comments?post=97238"}],"version-history":[{"count":1,"href":"https:\/\/elinformanteperu.com\/index.php\/wp-json\/wp\/v2\/posts\/97238\/revisions"}],"predecessor-version":[{"id":97242,"href":"https:\/\/elinformanteperu.com\/index.php\/wp-json\/wp\/v2\/posts\/97238\/revisions\/97242"}],"wp:featuredmedia":[{"embeddable":true,"href":"https:\/\/elinformanteperu.com\/index.php\/wp-json\/wp\/v2\/media\/97239"}],"wp:attachment":[{"href":"https:\/\/elinformanteperu.com\/index.php\/wp-json\/wp\/v2\/media?parent=97238"}],"wp:term":[{"taxonomy":"category","embeddable":true,"href":"https:\/\/elinformanteperu.com\/index.php\/wp-json\/wp\/v2\/categories?post=97238"},{"taxonomy":"post_tag","embeddable":true,"href":"https:\/\/elinformanteperu.com\/index.php\/wp-json\/wp\/v2\/tags?post=97238"}],"curies":[{"name":"wp","href":"https:\/\/api.w.org\/{rel}","templated":true}]}}