{"id":97234,"date":"2021-05-07T20:07:20","date_gmt":"2021-05-08T01:07:20","guid":{"rendered":"https:\/\/elinformanteperu.com\/?p=97234"},"modified":"2026-04-05T22:56:46","modified_gmt":"2026-04-06T03:56:46","slug":"maricarmen-marin-se-recupera-de-lesion","status":"publish","type":"post","link":"https:\/\/elinformanteperu.com\/index.php\/2021\/05\/07\/maricarmen-marin-se-recupera-de-lesion\/","title":{"rendered":"Maricarmen Mar\u00edn se recupera de lesi\u00f3n"},"content":{"rendered":"<p><span style=\"color: #000000;\"><strong>Lima, 07 Mayo, (ANDINA).-<\/strong> La int\u00e9rprete y conductora de TV Maricarmen Mar\u00edn revel\u00f3 que sufri\u00f3 una lesi\u00f3n y por ello deber\u00e1 ausentarse de las pantallas y de sus actividades musicales para recuperar su salud .<\/span><\/p>\n<p><span style=\"color: #000000;\">As\u00ed la artista guarda descanso m\u00e9dico en su casa, \u201ctuve una lesi\u00f3n el s\u00e1bado y estoy cumpliendo con el descanso m\u00e9dico. Pens\u00e9 que me iba a recuperar en pocos d\u00edas, pero mi espalda necesita un poquito m\u00e1s de tiempo para estar bien, es por eso que no me ver\u00e1n algunos d\u00edas en Yo soy y Mujeres al mando\u201d, dijo.<\/span><\/p>\n<p><span style=\"color: #000000;\">\u201cGracias a mi casa, Latina, por darme todas las facilidades para recuperarme, a mis compa\u00f1eros y amigos, millones de gracias\u201d, expres\u00f3 la artista.<\/span><\/p>\n<p><span style=\"color: #000000;\">Tambi\u00e9n lament\u00f3 suspender el show que iba a brindar ma\u00f1ana s\u00e1bado a las madres por su d\u00eda, el cual iba a contar con un meet &amp; great. Sin embargo, el espect\u00e1culo se programar\u00e1 apenas la artista se encuentre recuperada.<\/span><\/p>\n<p><a href=\"https:\/\/elinformanteperu.com\/wp-content\/uploads\/2021\/05\/Maricarmen-Marin-post.jpg\"><img fetchpriority=\"high\" decoding=\"async\" class=\"size-full wp-image-148089 aligncenter\" src=\"https:\/\/elinformanteperu.com\/wp-content\/uploads\/2021\/05\/Maricarmen-Marin-post.jpg\" alt=\"\" width=\"826\" height=\"411\" srcset=\"https:\/\/elinformanteperu.com\/wp-content\/uploads\/2021\/05\/Maricarmen-Marin-post.jpg 826w, https:\/\/elinformanteperu.com\/wp-content\/uploads\/2021\/05\/Maricarmen-Marin-post-300x149.jpg 300w, https:\/\/elinformanteperu.com\/wp-content\/uploads\/2021\/05\/Maricarmen-Marin-post-768x382.jpg 768w\" sizes=\"(max-width: 826px) 100vw, 826px\" \/><\/a><\/p>\n","protected":false},"excerpt":{"rendered":"<p>Lima, 07 Mayo, (ANDINA).- La int\u00e9rprete y conductora de TV Maricarmen Mar\u00edn revel\u00f3 que sufri\u00f3 una lesi\u00f3n y por ello deber\u00e1 ausentarse de las pantallas y de sus actividades musicales para recuperar su salud . As\u00ed la artista guarda descanso m\u00e9dico en su casa, \u201ctuve una lesi\u00f3n el s\u00e1bado y estoy cumpliendo con el descanso [&hellip;]<\/p>\n","protected":false},"author":1,"featured_media":148087,"comment_status":"closed","ping_status":"closed","sticky":false,"template":"","format":"standard","meta":{"rop_custom_images_group":[],"rop_custom_messages_group":[],"rop_publish_now":"initial","rop_publish_now_accounts":[],"rop_publish_now_history":[],"rop_publish_now_status":"pending","footnotes":""},"categories":[70],"tags":[3728],"class_list":["post-97234","post","type-post","status-publish","format-standard","has-post-thumbnail","hentry","category-farandula","tag-maricarmen-marin"],"_links":{"self":[{"href":"https:\/\/elinformanteperu.com\/index.php\/wp-json\/wp\/v2\/posts\/97234","targetHints":{"allow":["GET"]}}],"collection":[{"href":"https:\/\/elinformanteperu.com\/index.php\/wp-json\/wp\/v2\/posts"}],"about":[{"href":"https:\/\/elinformanteperu.com\/index.php\/wp-json\/wp\/v2\/types\/post"}],"author":[{"embeddable":true,"href":"https:\/\/elinformanteperu.com\/index.php\/wp-json\/wp\/v2\/users\/1"}],"replies":[{"embeddable":true,"href":"https:\/\/elinformanteperu.com\/index.php\/wp-json\/wp\/v2\/comments?post=97234"}],"version-history":[{"count":3,"href":"https:\/\/elinformanteperu.com\/index.php\/wp-json\/wp\/v2\/posts\/97234\/revisions"}],"predecessor-version":[{"id":148090,"href":"https:\/\/elinformanteperu.com\/index.php\/wp-json\/wp\/v2\/posts\/97234\/revisions\/148090"}],"wp:featuredmedia":[{"embeddable":true,"href":"https:\/\/elinformanteperu.com\/index.php\/wp-json\/wp\/v2\/media\/148087"}],"wp:attachment":[{"href":"https:\/\/elinformanteperu.com\/index.php\/wp-json\/wp\/v2\/media?parent=97234"}],"wp:term":[{"taxonomy":"category","embeddable":true,"href":"https:\/\/elinformanteperu.com\/index.php\/wp-json\/wp\/v2\/categories?post=97234"},{"taxonomy":"post_tag","embeddable":true,"href":"https:\/\/elinformanteperu.com\/index.php\/wp-json\/wp\/v2\/tags?post=97234"}],"curies":[{"name":"wp","href":"https:\/\/api.w.org\/{rel}","templated":true}]}}